{"id":8963,"date":"2016-10-18T20:00:10","date_gmt":"2016-10-18T23:00:10","guid":{"rendered":"https:\/\/eldiariodesanpedro.com.ar\/sitio\/?p=8963"},"modified":"2016-10-18T20:00:10","modified_gmt":"2016-10-18T23:00:10","slug":"allanamiento-recuperan-dos-motos-robadas","status":"publish","type":"post","link":"https:\/\/eldiariodesanpedro.com.ar\/sitio\/allanamiento-recuperan-dos-motos-robadas\/","title":{"rendered":"Allanamiento: Recuperan dos motos robadas"},"content":{"rendered":"<p><!-- VideographyWP Plugin Message: Automatic video embedding prevented by plugin options. --><br \/>\nAyer en horas de la tarde, personal policial realiz\u00f3 una diligencia de allanamiento en calle 35 Bis al 1300, lugar en donde se secuestr\u00f3 una motocicleta Yamaha XTZ 125 C. C., la cual hab\u00eda sido sustra\u00edda el domingo a la madrugada de un domicilio de calle M\u00e1ximo Mill\u00e1n al 1000. Tambi\u00e9n se incaut\u00f3 una moto Guerrero Trip 110 C. C. que pose\u00eda pedido de secuestro activo, robada este a\u00f1o en un hecho de \u201churto\u201d con intervenci\u00f3n de la UFI N\u00ba 7.<br \/>\nDel lugar se traslad\u00f3 a un joven de 22 a\u00f1os de edad, quien permanece aprehendido por el delito de encubrimiento.<\/p>\n","protected":false},"excerpt":{"rendered":"<p>Ayer en horas de la tarde, personal policial realiz\u00f3 una diligencia de allanamiento en calle 35 Bis al 1300, lugar en donde se secuestr\u00f3 una motocicleta Yamaha XTZ 125 C. C., la cual hab\u00eda sido sustra\u00edda el domingo a la madrugada de un domicilio de calle M\u00e1ximo Mill\u00e1n al 1000. Tambi\u00e9n se incaut\u00f3 una moto [&hellip;]<\/p>\n","protected":false},"author":4,"featured_media":3029,"comment_status":"open","ping_status":"closed","sticky":false,"template":"","format":"standard","meta":{"om_disable_all_campaigns":false,"_jetpack_memberships_contains_paid_content":false,"footnotes":""},"categories":[2,103],"tags":[],"class_list":["post-8963","post","type-post","status-publish","format-standard","has-post-thumbnail","hentry","category-locales","category-policiales-locales"],"aioseo_notices":[],"gutentor_comment":0,"jetpack_featured_media_url":"https:\/\/eldiariodesanpedro.com.ar\/sitio\/wp-content\/uploads\/2016\/04\/moto-patrullero.jpg","jetpack_shortlink":"https:\/\/wp.me\/p6RhLt-2kz","jetpack_sharing_enabled":true,"_links":{"self":[{"href":"https:\/\/eldiariodesanpedro.com.ar\/sitio\/wp-json\/wp\/v2\/posts\/8963","targetHints":{"allow":["GET"]}}],"collection":[{"href":"https:\/\/eldiariodesanpedro.com.ar\/sitio\/wp-json\/wp\/v2\/posts"}],"about":[{"href":"https:\/\/eldiariodesanpedro.com.ar\/sitio\/wp-json\/wp\/v2\/types\/post"}],"author":[{"embeddable":true,"href":"https:\/\/eldiariodesanpedro.com.ar\/sitio\/wp-json\/wp\/v2\/users\/4"}],"replies":[{"embeddable":true,"href":"https:\/\/eldiariodesanpedro.com.ar\/sitio\/wp-json\/wp\/v2\/comments?post=8963"}],"version-history":[{"count":1,"href":"https:\/\/eldiariodesanpedro.com.ar\/sitio\/wp-json\/wp\/v2\/posts\/8963\/revisions"}],"predecessor-version":[{"id":8964,"href":"https:\/\/eldiariodesanpedro.com.ar\/sitio\/wp-json\/wp\/v2\/posts\/8963\/revisions\/8964"}],"wp:featuredmedia":[{"embeddable":true,"href":"https:\/\/eldiariodesanpedro.com.ar\/sitio\/wp-json\/wp\/v2\/media\/3029"}],"wp:attachment":[{"href":"https:\/\/eldiariodesanpedro.com.ar\/sitio\/wp-json\/wp\/v2\/media?parent=8963"}],"wp:term":[{"taxonomy":"category","embeddable":true,"href":"https:\/\/eldiariodesanpedro.com.ar\/sitio\/wp-json\/wp\/v2\/categories?post=8963"},{"taxonomy":"post_tag","embeddable":true,"href":"https:\/\/eldiariodesanpedro.com.ar\/sitio\/wp-json\/wp\/v2\/tags?post=8963"}],"curies":[{"name":"wp","href":"https:\/\/api.w.org\/{rel}","templated":true}]}}