{"id":89622,"date":"2021-03-22T18:30:45","date_gmt":"2021-03-22T21:30:45","guid":{"rendered":"https:\/\/eldiariodesanpedro.com.ar\/sitio\/?p=89622"},"modified":"2021-03-22T18:30:50","modified_gmt":"2021-03-22T21:30:50","slug":"el-museo-historico-presente-manos-a-la-obra","status":"publish","type":"post","link":"https:\/\/eldiariodesanpedro.com.ar\/sitio\/el-museo-historico-presente-manos-a-la-obra\/","title":{"rendered":"El Museo Hist\u00f3rico presente \u00abManos a la Obra\u00bb"},"content":{"rendered":"<!-- VideographyWP Plugin Message: Automatic video embedding prevented by plugin options. -->\n\n<p>El ciclo <strong>\u00abMANOS A LA OBRA<\/strong>\u00bb continuar\u00e1 este jueves 25 con la presentaci\u00f3n de la charla sobre CELINA MOLINA Y VEDIA de Quiroga.<br>El Museo Hist\u00f3rico San Pedro invita a una reuni\u00f3n de Zoom programada.<\/p>\n\n\n\n<p>Tema: 2\u00b0 encuentro \u00abMANOS A LA OBRA\u00bb &#8211; CELINA VEDIA Y MOLINA<br>Hora: 25 mar. 2021 07:00 p.&nbsp;m. Buenos Aires, Georgetown<\/p>\n\n\n\n<p>Unirse a la reuni\u00f3n Zoom<br><a href=\"https:\/\/us04web.zoom.us\/j\/5998790611?pwd=RFlKVUhjQlUvTzJ5NHFWUVBIR21KQT09\" target=\"_blank\" rel=\"noreferrer noopener\">https:\/\/us04web.zoom.us\/j\/5998790611?pwd=RFlKVUhjQlUvTzJ5NHFWUVBIR21KQT09<\/a><\/p>\n\n\n\n<p>ID de reuni\u00f3n: 599 879 0611<br>C\u00f3digo de acceso: SANPEDRO<\/p>\n\n\n\n<p>Agradeceremos la difusi\u00f3n de la presente comunicaci\u00f3n y celebraremos la participaci\u00f3n de todos ustedes.<\/p>\n","protected":false},"excerpt":{"rendered":"<p>El ciclo \u00abMANOS A LA OBRA\u00bb continuar\u00e1 este jueves 25 con la presentaci\u00f3n de la charla sobre CELINA MOLINA Y VEDIA de Quiroga.El Museo Hist\u00f3rico San Pedro invita a una reuni\u00f3n de Zoom programada. Tema: 2\u00b0 encuentro \u00abMANOS A LA OBRA\u00bb &#8211; CELINA VEDIA Y MOLINAHora: 25 mar. 2021 07:00 p.&nbsp;m. Buenos Aires, Georgetown Unirse [&hellip;]<\/p>\n","protected":false},"author":4,"featured_media":89623,"comment_status":"open","ping_status":"closed","sticky":false,"template":"","format":"standard","meta":{"om_disable_all_campaigns":false,"_jetpack_memberships_contains_paid_content":false,"footnotes":""},"categories":[101,2],"tags":[],"class_list":["post-89622","post","type-post","status-publish","format-standard","has-post-thumbnail","hentry","category-interes-general-locales","category-locales"],"aioseo_notices":[],"gutentor_comment":0,"jetpack_featured_media_url":"https:\/\/eldiariodesanpedro.com.ar\/sitio\/wp-content\/uploads\/2021\/03\/FLYER.jpg","jetpack_shortlink":"https:\/\/wp.me\/p6RhLt-njw","jetpack_sharing_enabled":true,"_links":{"self":[{"href":"https:\/\/eldiariodesanpedro.com.ar\/sitio\/wp-json\/wp\/v2\/posts\/89622","targetHints":{"allow":["GET"]}}],"collection":[{"href":"https:\/\/eldiariodesanpedro.com.ar\/sitio\/wp-json\/wp\/v2\/posts"}],"about":[{"href":"https:\/\/eldiariodesanpedro.com.ar\/sitio\/wp-json\/wp\/v2\/types\/post"}],"author":[{"embeddable":true,"href":"https:\/\/eldiariodesanpedro.com.ar\/sitio\/wp-json\/wp\/v2\/users\/4"}],"replies":[{"embeddable":true,"href":"https:\/\/eldiariodesanpedro.com.ar\/sitio\/wp-json\/wp\/v2\/comments?post=89622"}],"version-history":[{"count":1,"href":"https:\/\/eldiariodesanpedro.com.ar\/sitio\/wp-json\/wp\/v2\/posts\/89622\/revisions"}],"predecessor-version":[{"id":89624,"href":"https:\/\/eldiariodesanpedro.com.ar\/sitio\/wp-json\/wp\/v2\/posts\/89622\/revisions\/89624"}],"wp:featuredmedia":[{"embeddable":true,"href":"https:\/\/eldiariodesanpedro.com.ar\/sitio\/wp-json\/wp\/v2\/media\/89623"}],"wp:attachment":[{"href":"https:\/\/eldiariodesanpedro.com.ar\/sitio\/wp-json\/wp\/v2\/media?parent=89622"}],"wp:term":[{"taxonomy":"category","embeddable":true,"href":"https:\/\/eldiariodesanpedro.com.ar\/sitio\/wp-json\/wp\/v2\/categories?post=89622"},{"taxonomy":"post_tag","embeddable":true,"href":"https:\/\/eldiariodesanpedro.com.ar\/sitio\/wp-json\/wp\/v2\/tags?post=89622"}],"curies":[{"name":"wp","href":"https:\/\/api.w.org\/{rel}","templated":true}]}}