{"id":8962,"date":"2016-10-19T12:18:56","date_gmt":"2016-10-19T15:18:56","guid":{"rendered":"https:\/\/eldiariodesanpedro.com.ar\/sitio\/?p=8962"},"modified":"2016-10-19T12:18:56","modified_gmt":"2016-10-19T15:18:56","slug":"recupero-la-moto-que-le-habian-robado-2","status":"publish","type":"post","link":"https:\/\/eldiariodesanpedro.com.ar\/sitio\/recupero-la-moto-que-le-habian-robado-2\/","title":{"rendered":"Recuper\u00f3 la moto que le hab\u00edan robado"},"content":{"rendered":"<p><!-- VideographyWP Plugin Message: Automatic video embedding prevented by plugin options. --><br \/>\nHace aproximadamente un mes, Oscar Basualdo sufri\u00f3 el robo de su rodado que se hallaba en la localidad de Gobernador Castro.<br \/>\nEn ese sentido, a trav\u00e9s de su Facebook, cont\u00f3 que \u201cfue recuperada en una estaci\u00f3n de servicio mientras cargaban combustible dos j\u00f3venes de Gdor. Castro que circulaban en ella, y tras reconocer diversas marcas hechas por m\u00ed puedo decir \u2018volv\u00ed a ganarle a la delincuencia\u2019\u201d. Y luego agreg\u00f3: \u201cSin denuncia, solo un merito m\u00edo en so\u00f1ar con volver a recuperarla\u201d.<\/p>\n","protected":false},"excerpt":{"rendered":"<p>Hace aproximadamente un mes, Oscar Basualdo sufri\u00f3 el robo de su rodado que se hallaba en la localidad de Gobernador Castro. En ese sentido, a trav\u00e9s de su Facebook, cont\u00f3 que \u201cfue recuperada en una estaci\u00f3n de servicio mientras cargaban combustible dos j\u00f3venes de Gdor. Castro que circulaban en ella, y tras reconocer diversas marcas [&hellip;]<\/p>\n","protected":false},"author":4,"featured_media":8997,"comment_status":"open","ping_status":"closed","sticky":false,"template":"","format":"standard","meta":{"om_disable_all_campaigns":false,"_jetpack_memberships_contains_paid_content":false,"footnotes":""},"categories":[2,103],"tags":[],"class_list":["post-8962","post","type-post","status-publish","format-standard","has-post-thumbnail","hentry","category-locales","category-policiales-locales"],"aioseo_notices":[],"gutentor_comment":0,"jetpack_featured_media_url":"https:\/\/eldiariodesanpedro.com.ar\/sitio\/wp-content\/uploads\/2016\/10\/basualdo.jpg","jetpack_shortlink":"https:\/\/wp.me\/p6RhLt-2ky","jetpack_sharing_enabled":true,"_links":{"self":[{"href":"https:\/\/eldiariodesanpedro.com.ar\/sitio\/wp-json\/wp\/v2\/posts\/8962","targetHints":{"allow":["GET"]}}],"collection":[{"href":"https:\/\/eldiariodesanpedro.com.ar\/sitio\/wp-json\/wp\/v2\/posts"}],"about":[{"href":"https:\/\/eldiariodesanpedro.com.ar\/sitio\/wp-json\/wp\/v2\/types\/post"}],"author":[{"embeddable":true,"href":"https:\/\/eldiariodesanpedro.com.ar\/sitio\/wp-json\/wp\/v2\/users\/4"}],"replies":[{"embeddable":true,"href":"https:\/\/eldiariodesanpedro.com.ar\/sitio\/wp-json\/wp\/v2\/comments?post=8962"}],"version-history":[{"count":1,"href":"https:\/\/eldiariodesanpedro.com.ar\/sitio\/wp-json\/wp\/v2\/posts\/8962\/revisions"}],"predecessor-version":[{"id":8998,"href":"https:\/\/eldiariodesanpedro.com.ar\/sitio\/wp-json\/wp\/v2\/posts\/8962\/revisions\/8998"}],"wp:featuredmedia":[{"embeddable":true,"href":"https:\/\/eldiariodesanpedro.com.ar\/sitio\/wp-json\/wp\/v2\/media\/8997"}],"wp:attachment":[{"href":"https:\/\/eldiariodesanpedro.com.ar\/sitio\/wp-json\/wp\/v2\/media?parent=8962"}],"wp:term":[{"taxonomy":"category","embeddable":true,"href":"https:\/\/eldiariodesanpedro.com.ar\/sitio\/wp-json\/wp\/v2\/categories?post=8962"},{"taxonomy":"post_tag","embeddable":true,"href":"https:\/\/eldiariodesanpedro.com.ar\/sitio\/wp-json\/wp\/v2\/tags?post=8962"}],"curies":[{"name":"wp","href":"https:\/\/api.w.org\/{rel}","templated":true}]}}