{"id":89611,"date":"2021-03-22T11:59:10","date_gmt":"2021-03-22T14:59:10","guid":{"rendered":"https:\/\/eldiariodesanpedro.com.ar\/sitio\/?p=89611"},"modified":"2021-03-22T11:59:15","modified_gmt":"2021-03-22T14:59:15","slug":"encontraron-abandonada-una-moto-en-acceso-a-la-ciudad-que-fue-robada-en-baradero","status":"publish","type":"post","link":"https:\/\/eldiariodesanpedro.com.ar\/sitio\/encontraron-abandonada-una-moto-en-acceso-a-la-ciudad-que-fue-robada-en-baradero\/","title":{"rendered":"Encontraron abandonada una moto en acceso a la ciudad que fue robada en Baradero"},"content":{"rendered":"<!-- VideographyWP Plugin Message: Automatic video embedding prevented by plugin options. -->\n\n<p>Este domingo en la localidad de Baradero tras tomar conocimiento de la sustracci\u00f3n de dos motocicletas se alert\u00f3 a todos los m\u00f3viles de la zona y ciudades aleda\u00f1as para que realicen operativo cerrojo donde en un r\u00e1pido accionar se encontr\u00f3 abandonada una de las sustra\u00eddas.<\/p>\n\n\n\n<p>Alrededor de las 08 horas de la ma\u00f1ana de ayer la polic\u00eda de la vecina ciudad de Baradero toma conocimiento que personal del Destacamento R\u00edo Tala, que se encontraba realizando operativo cerrojo en el ingreso de la ciudad, son alertados por transe\u00fantes que en el camino de acceso por ex ruta 9 unos j\u00f3venes hab\u00edan abandonado una motocicleta, por lo que constituidos efectivamente corroboran que hab\u00edan abandonado una motocicleta y se establece que misma era la que se hab\u00edan sustra\u00eddo horas antes en esta localidad, siendo la motocicleta Mondial Max de 110 c.c.Instruyen actuaciones caratuladas Hallazgo.&nbsp;<\/p>\n\n\n\n<p>No hubo aprehendidos y la motocicleta fue restituida a su propietario.<\/p>\n","protected":false},"excerpt":{"rendered":"<p>Este domingo en la localidad de Baradero tras tomar conocimiento de la sustracci\u00f3n de dos motocicletas se alert\u00f3 a todos los m\u00f3viles de la zona y ciudades aleda\u00f1as para que realicen operativo cerrojo donde en un r\u00e1pido accionar se encontr\u00f3 abandonada una de las sustra\u00eddas. Alrededor de las 08 horas de la ma\u00f1ana de ayer [&hellip;]<\/p>\n","protected":false},"author":4,"featured_media":78843,"comment_status":"open","ping_status":"closed","sticky":false,"template":"","format":"standard","meta":{"om_disable_all_campaigns":false,"_jetpack_memberships_contains_paid_content":false,"footnotes":""},"categories":[2,103],"tags":[],"class_list":["post-89611","post","type-post","status-publish","format-standard","has-post-thumbnail","hentry","category-locales","category-policiales-locales"],"aioseo_notices":[],"gutentor_comment":0,"jetpack_featured_media_url":"https:\/\/eldiariodesanpedro.com.ar\/sitio\/wp-content\/uploads\/2020\/08\/0.jpg","jetpack_shortlink":"https:\/\/wp.me\/p6RhLt-njl","jetpack_sharing_enabled":true,"_links":{"self":[{"href":"https:\/\/eldiariodesanpedro.com.ar\/sitio\/wp-json\/wp\/v2\/posts\/89611","targetHints":{"allow":["GET"]}}],"collection":[{"href":"https:\/\/eldiariodesanpedro.com.ar\/sitio\/wp-json\/wp\/v2\/posts"}],"about":[{"href":"https:\/\/eldiariodesanpedro.com.ar\/sitio\/wp-json\/wp\/v2\/types\/post"}],"author":[{"embeddable":true,"href":"https:\/\/eldiariodesanpedro.com.ar\/sitio\/wp-json\/wp\/v2\/users\/4"}],"replies":[{"embeddable":true,"href":"https:\/\/eldiariodesanpedro.com.ar\/sitio\/wp-json\/wp\/v2\/comments?post=89611"}],"version-history":[{"count":1,"href":"https:\/\/eldiariodesanpedro.com.ar\/sitio\/wp-json\/wp\/v2\/posts\/89611\/revisions"}],"predecessor-version":[{"id":89612,"href":"https:\/\/eldiariodesanpedro.com.ar\/sitio\/wp-json\/wp\/v2\/posts\/89611\/revisions\/89612"}],"wp:featuredmedia":[{"embeddable":true,"href":"https:\/\/eldiariodesanpedro.com.ar\/sitio\/wp-json\/wp\/v2\/media\/78843"}],"wp:attachment":[{"href":"https:\/\/eldiariodesanpedro.com.ar\/sitio\/wp-json\/wp\/v2\/media?parent=89611"}],"wp:term":[{"taxonomy":"category","embeddable":true,"href":"https:\/\/eldiariodesanpedro.com.ar\/sitio\/wp-json\/wp\/v2\/categories?post=89611"},{"taxonomy":"post_tag","embeddable":true,"href":"https:\/\/eldiariodesanpedro.com.ar\/sitio\/wp-json\/wp\/v2\/tags?post=89611"}],"curies":[{"name":"wp","href":"https:\/\/api.w.org\/{rel}","templated":true}]}}