{"id":89607,"date":"2021-03-22T11:38:28","date_gmt":"2021-03-22T14:38:28","guid":{"rendered":"https:\/\/eldiariodesanpedro.com.ar\/sitio\/?p=89607"},"modified":"2021-03-22T11:38:37","modified_gmt":"2021-03-22T14:38:37","slug":"delincuentes-sampedrinos-robaron-una-motocicleta-en-baradero-y-fueron-detenidos-en-rio-tala","status":"publish","type":"post","link":"https:\/\/eldiariodesanpedro.com.ar\/sitio\/delincuentes-sampedrinos-robaron-una-motocicleta-en-baradero-y-fueron-detenidos-en-rio-tala\/","title":{"rendered":"Delincuentes sampedrinos robaron una motocicleta en Baradero y fueron detenidos en R\u00edo Tala"},"content":{"rendered":"<!-- VideographyWP Plugin Message: Automatic video embedding prevented by plugin options. -->\n\n<p>Este domingo a trav\u00e9s de un llamado al 911 se informa del robo agravado este domingo 20.00 hs donde se tom\u00f3 conocimiento que en la vecina localidad de Baradero en Carrasco entre Jun\u00edn y Chacabuco, dos masculinos a bordo de una motocicleta tipo 110 c.c. color roja dan alcance a un ciudadano de 20 a\u00f1os quien circulaba en motocicleta Honda Biz 125 cc color roja y tras intimidaci\u00f3n verbal el malviviente que iba de acompa\u00f1ante lleva su mano a la cintura insinuando tener cuchillo, por lo que el denunciante no ofrece resistencia y le sustraen su motocicleta.<\/p>\n\n\n\n<p>Los delincuente se dan a la fuga en los dos rodados por calle Carrasco y luego por Ruta 41 y toman camino vecinal hacia la ruta nacional 9 a la altura de Cementerio Parque, con destino hacia la localidad de R\u00edo Tala, donde el personal del Destacamento logran divisarlos a los dos malvivientes en las dos motocicletas y luego de una breve persecuci\u00f3n lograron interceptarlos, y secuestro de ambas&nbsp; motocicletas.<\/p>\n\n\n\n<p>Los delincuentes fueron reducidos y aprehendidos siendo identificados como dos sujetos mayores de edad de 22 y 20 a\u00f1os de edad, oriundos de la ciudad de San Pedro, logrando secuestrar en poder de los malvivientes un cuchillo de aproximadamente 20 cent\u00edmetros<\/p>\n\n\n\n<p>Se recuper\u00f3 la motocicleta\u00a0 denunciada como sustra\u00edda\u00a0 y la restante es una motocicleta marca Guerrero 110 c.c. sin pedido de secuestro fue secuestrada.\u00a0 Ambos aprehendidos fueron alojados en la comisar\u00eda de San Pedro.<\/p>\n\n\n\n<figure class=\"wp-block-image size-large\"><img decoding=\"async\" width=\"960\" height=\"960\" data-attachment-id=\"89609\" data-permalink=\"https:\/\/eldiariodesanpedro.com.ar\/sitio\/delincuentes-sampedrinos-robaron-una-motocicleta-en-baradero-y-fueron-detenidos-en-rio-tala\/163357630_1661929267328403_552999299304677028_n\/\" data-orig-file=\"https:\/\/eldiariodesanpedro.com.ar\/sitio\/wp-content\/uploads\/2021\/03\/163357630_1661929267328403_552999299304677028_n.jpg\" data-orig-size=\"960,960\" data-comments-opened=\"1\" data-image-meta=\"{&quot;aperture&quot;:&quot;0&quot;,&quot;credit&quot;:&quot;&quot;,&quot;camera&quot;:&quot;&quot;,&quot;caption&quot;:&quot;&quot;,&quot;created_timestamp&quot;:&quot;0&quot;,&quot;copyright&quot;:&quot;&quot;,&quot;focal_length&quot;:&quot;0&quot;,&quot;iso&quot;:&quot;0&quot;,&quot;shutter_speed&quot;:&quot;0&quot;,&quot;title&quot;:&quot;&quot;,&quot;orientation&quot;:&quot;0&quot;}\" data-image-title=\"163357630_1661929267328403_552999299304677028_n\" data-image-description=\"\" data-image-caption=\"\" data-large-file=\"https:\/\/eldiariodesanpedro.com.ar\/sitio\/wp-content\/uploads\/2021\/03\/163357630_1661929267328403_552999299304677028_n.jpg\" data-src=\"https:\/\/eldiariodesanpedro.com.ar\/sitio\/wp-content\/uploads\/2021\/03\/163357630_1661929267328403_552999299304677028_n.jpg\" alt=\"\" class=\"wp-image-89609 lazyload\" data-srcset=\"https:\/\/eldiariodesanpedro.com.ar\/sitio\/wp-content\/uploads\/2021\/03\/163357630_1661929267328403_552999299304677028_n.jpg 960w, https:\/\/eldiariodesanpedro.com.ar\/sitio\/wp-content\/uploads\/2021\/03\/163357630_1661929267328403_552999299304677028_n-300x300.jpg 300w, https:\/\/eldiariodesanpedro.com.ar\/sitio\/wp-content\/uploads\/2021\/03\/163357630_1661929267328403_552999299304677028_n-150x150.jpg 150w, https:\/\/eldiariodesanpedro.com.ar\/sitio\/wp-content\/uploads\/2021\/03\/163357630_1661929267328403_552999299304677028_n-768x768.jpg 768w\" data-sizes=\"(max-width: 960px) 100vw, 960px\" src=\"data:image\/svg+xml;base64,PHN2ZyB3aWR0aD0iMSIgaGVpZ2h0PSIxIiB4bWxucz0iaHR0cDovL3d3dy53My5vcmcvMjAwMC9zdmciPjwvc3ZnPg==\" style=\"--smush-placeholder-width: 960px; --smush-placeholder-aspect-ratio: 960\/960;\" \/><\/figure>\n","protected":false},"excerpt":{"rendered":"<p>Este domingo a trav\u00e9s de un llamado al 911 se informa del robo agravado este domingo 20.00 hs donde se tom\u00f3 conocimiento que en la vecina localidad de Baradero en Carrasco entre Jun\u00edn y Chacabuco, dos masculinos a bordo de una motocicleta tipo 110 c.c. color roja dan alcance a un ciudadano de 20 a\u00f1os [&hellip;]<\/p>\n","protected":false},"author":4,"featured_media":89608,"comment_status":"open","ping_status":"closed","sticky":false,"template":"","format":"standard","meta":{"om_disable_all_campaigns":false,"_jetpack_memberships_contains_paid_content":false,"footnotes":""},"categories":[50,2,103],"tags":[],"class_list":["post-89607","post","type-post","status-publish","format-standard","has-post-thumbnail","hentry","category-destacadas","category-locales","category-policiales-locales"],"aioseo_notices":[],"gutentor_comment":0,"jetpack_featured_media_url":"https:\/\/eldiariodesanpedro.com.ar\/sitio\/wp-content\/uploads\/2021\/03\/164275483_1661929223995074_7535601316050827520_n.jpg","jetpack_shortlink":"https:\/\/wp.me\/p6RhLt-njh","jetpack_sharing_enabled":true,"_links":{"self":[{"href":"https:\/\/eldiariodesanpedro.com.ar\/sitio\/wp-json\/wp\/v2\/posts\/89607","targetHints":{"allow":["GET"]}}],"collection":[{"href":"https:\/\/eldiariodesanpedro.com.ar\/sitio\/wp-json\/wp\/v2\/posts"}],"about":[{"href":"https:\/\/eldiariodesanpedro.com.ar\/sitio\/wp-json\/wp\/v2\/types\/post"}],"author":[{"embeddable":true,"href":"https:\/\/eldiariodesanpedro.com.ar\/sitio\/wp-json\/wp\/v2\/users\/4"}],"replies":[{"embeddable":true,"href":"https:\/\/eldiariodesanpedro.com.ar\/sitio\/wp-json\/wp\/v2\/comments?post=89607"}],"version-history":[{"count":1,"href":"https:\/\/eldiariodesanpedro.com.ar\/sitio\/wp-json\/wp\/v2\/posts\/89607\/revisions"}],"predecessor-version":[{"id":89610,"href":"https:\/\/eldiariodesanpedro.com.ar\/sitio\/wp-json\/wp\/v2\/posts\/89607\/revisions\/89610"}],"wp:featuredmedia":[{"embeddable":true,"href":"https:\/\/eldiariodesanpedro.com.ar\/sitio\/wp-json\/wp\/v2\/media\/89608"}],"wp:attachment":[{"href":"https:\/\/eldiariodesanpedro.com.ar\/sitio\/wp-json\/wp\/v2\/media?parent=89607"}],"wp:term":[{"taxonomy":"category","embeddable":true,"href":"https:\/\/eldiariodesanpedro.com.ar\/sitio\/wp-json\/wp\/v2\/categories?post=89607"},{"taxonomy":"post_tag","embeddable":true,"href":"https:\/\/eldiariodesanpedro.com.ar\/sitio\/wp-json\/wp\/v2\/tags?post=89607"}],"curies":[{"name":"wp","href":"https:\/\/api.w.org\/{rel}","templated":true}]}}