{"id":89604,"date":"2021-03-22T11:20:15","date_gmt":"2021-03-22T14:20:15","guid":{"rendered":"https:\/\/eldiariodesanpedro.com.ar\/sitio\/?p=89604"},"modified":"2021-03-22T11:20:22","modified_gmt":"2021-03-22T14:20:22","slug":"baradero-la-empresa-esta-presionando-a-los-empleados-para-que-se-retiren-voluntariamente","status":"publish","type":"post","link":"https:\/\/eldiariodesanpedro.com.ar\/sitio\/baradero-la-empresa-esta-presionando-a-los-empleados-para-que-se-retiren-voluntariamente\/","title":{"rendered":"BARADERO | \u00abLa empresa esta presionando a los empleados para que se retiren voluntariamente\u00bb"},"content":{"rendered":"<!-- VideographyWP Plugin Message: Automatic video embedding prevented by plugin options. -->\n\n<p>El secretario general de STICBAS, Jos\u00e9 L\u00f3pez, hablo en relaci\u00f3n a la baja producci\u00f3n de la ex-Paty y los pedidos de retiro voluntario.<\/p>\n\n\n\n<p>\u00abHoy los trabajadores se encontraron con que no hay producci\u00f3n en el \u00e1rea de salchicas. Est\u00e1n presionando a los empleados para que se retiren voluntariamente.\u00bb<\/p>\n\n\n\n<p>\u00abNo puede ser que tengamos que gestionar todo por Naci\u00f3n. El delegado de la Secretar\u00eda de Trabajo de Baradero me dice que no puede actuar de oficio porque no se entera por los medios.\u00bb<\/p>\n\n\n\n<p>\u00abEn Naci\u00f3n me dijeron que estaban indignados por la respuesta que me dieron ac\u00e1.\u00bb<\/p>\n\n\n\n<p>\u00abYa denunciamos al gerente por discriminatorio porque ha tratado a los trabajadores de negros que no quieren trabajar.\u00bb<\/p>\n\n\n\n<p>Fuente: Fm Tiempo<\/p>\n","protected":false},"excerpt":{"rendered":"<p>El secretario general de STICBAS, Jos\u00e9 L\u00f3pez, hablo en relaci\u00f3n a la baja producci\u00f3n de la ex-Paty y los pedidos de retiro voluntario. \u00abHoy los trabajadores se encontraron con que no hay producci\u00f3n en el \u00e1rea de salchicas. Est\u00e1n presionando a los empleados para que se retiren voluntariamente.\u00bb \u00abNo puede ser que tengamos que gestionar [&hellip;]<\/p>\n","protected":false},"author":4,"featured_media":89605,"comment_status":"open","ping_status":"closed","sticky":false,"template":"","format":"standard","meta":{"om_disable_all_campaigns":false,"_jetpack_memberships_contains_paid_content":false,"footnotes":""},"categories":[621],"tags":[],"class_list":["post-89604","post","type-post","status-publish","format-standard","has-post-thumbnail","hentry","category-regionales"],"aioseo_notices":[],"gutentor_comment":0,"jetpack_featured_media_url":"https:\/\/eldiariodesanpedro.com.ar\/sitio\/wp-content\/uploads\/2021\/03\/163224093_1661959530658710_1616286744212320441_n.jpg","jetpack_shortlink":"https:\/\/wp.me\/p6RhLt-nje","jetpack_sharing_enabled":true,"_links":{"self":[{"href":"https:\/\/eldiariodesanpedro.com.ar\/sitio\/wp-json\/wp\/v2\/posts\/89604","targetHints":{"allow":["GET"]}}],"collection":[{"href":"https:\/\/eldiariodesanpedro.com.ar\/sitio\/wp-json\/wp\/v2\/posts"}],"about":[{"href":"https:\/\/eldiariodesanpedro.com.ar\/sitio\/wp-json\/wp\/v2\/types\/post"}],"author":[{"embeddable":true,"href":"https:\/\/eldiariodesanpedro.com.ar\/sitio\/wp-json\/wp\/v2\/users\/4"}],"replies":[{"embeddable":true,"href":"https:\/\/eldiariodesanpedro.com.ar\/sitio\/wp-json\/wp\/v2\/comments?post=89604"}],"version-history":[{"count":1,"href":"https:\/\/eldiariodesanpedro.com.ar\/sitio\/wp-json\/wp\/v2\/posts\/89604\/revisions"}],"predecessor-version":[{"id":89606,"href":"https:\/\/eldiariodesanpedro.com.ar\/sitio\/wp-json\/wp\/v2\/posts\/89604\/revisions\/89606"}],"wp:featuredmedia":[{"embeddable":true,"href":"https:\/\/eldiariodesanpedro.com.ar\/sitio\/wp-json\/wp\/v2\/media\/89605"}],"wp:attachment":[{"href":"https:\/\/eldiariodesanpedro.com.ar\/sitio\/wp-json\/wp\/v2\/media?parent=89604"}],"wp:term":[{"taxonomy":"category","embeddable":true,"href":"https:\/\/eldiariodesanpedro.com.ar\/sitio\/wp-json\/wp\/v2\/categories?post=89604"},{"taxonomy":"post_tag","embeddable":true,"href":"https:\/\/eldiariodesanpedro.com.ar\/sitio\/wp-json\/wp\/v2\/tags?post=89604"}],"curies":[{"name":"wp","href":"https:\/\/api.w.org\/{rel}","templated":true}]}}