{"id":89598,"date":"2021-03-22T10:45:03","date_gmt":"2021-03-22T13:45:03","guid":{"rendered":"https:\/\/eldiariodesanpedro.com.ar\/sitio\/?p=89598"},"modified":"2021-03-22T10:45:08","modified_gmt":"2021-03-22T13:45:08","slug":"san-nicolas-el-costo-en-la-calle-de-las-metanfetaminas-secuestradas-ascenderia-a-los-4-millones","status":"publish","type":"post","link":"https:\/\/eldiariodesanpedro.com.ar\/sitio\/san-nicolas-el-costo-en-la-calle-de-las-metanfetaminas-secuestradas-ascenderia-a-los-4-millones\/","title":{"rendered":"SAN NICOL\u00c1S | El costo en la calle de las metanfetaminas secuestradas ascender\u00eda a los 4 millones"},"content":{"rendered":"<!-- VideographyWP Plugin Message: Automatic video embedding prevented by plugin options. -->\n\n<p>En el in\u00e9dito operativo efectuado por personal del destacamento Vial San Nicol\u00e1s en el que se secuestraron m\u00e1s de 2000 pastillas de metanfetaminas, los c\u00e1lculos estimativos del precio en mercado de la carga incautada ascender\u00eda a los 4 millones de pesos. En la calle estas pastillas rondan cada una entre los 1500 y 2000 pesos.<\/p>\n\n\n\n<p>La semana pasada, en Ruta Nacional Nro. 9 km. 231.200 en el marco de los operativos de control vehicular, personal del Destacamento Vial San Nicol\u00e1s, procedieron a interceptar a un veh\u00edculo marca Peugeot modelo 408, color blanco, conducido por Santiago Vi\u00f1a de 23 a\u00f1os oriundo\u00a0 de Lan\u00fas, acompa\u00f1ado por Lucas Ballerini. En el interior del auto se decomisaron m\u00e1s de 2000 pastillas de metanfetaminas cuyo costo en la calle rondar\u00eda los 4 millones de pesos. Por lo que pudo averiguar nuestro medio, cada una de estas patillas se vender\u00edan al cliente final a un precio que ronda entre los 1500 y 2000 pesos cada uno. Generalmente se revenden al por mayor a unos 800 pesos, lo que ser\u00eda un gran negocio para los narcotraficantes.<\/p>\n\n\n\n<p><\/p>\n","protected":false},"excerpt":{"rendered":"<p>En el in\u00e9dito operativo efectuado por personal del destacamento Vial San Nicol\u00e1s en el que se secuestraron m\u00e1s de 2000 pastillas de metanfetaminas, los c\u00e1lculos estimativos del precio en mercado de la carga incautada ascender\u00eda a los 4 millones de pesos. En la calle estas pastillas rondan cada una entre los 1500 y 2000 pesos. [&hellip;]<\/p>\n","protected":false},"author":4,"featured_media":89599,"comment_status":"open","ping_status":"closed","sticky":false,"template":"","format":"standard","meta":{"om_disable_all_campaigns":false,"_jetpack_memberships_contains_paid_content":false,"footnotes":""},"categories":[621],"tags":[],"class_list":["post-89598","post","type-post","status-publish","format-standard","has-post-thumbnail","hentry","category-regionales"],"aioseo_notices":[],"gutentor_comment":0,"jetpack_featured_media_url":"https:\/\/eldiariodesanpedro.com.ar\/sitio\/wp-content\/uploads\/2021\/03\/7-drogas-5x14-1.jpg","jetpack_shortlink":"https:\/\/wp.me\/p6RhLt-nj8","jetpack_sharing_enabled":true,"_links":{"self":[{"href":"https:\/\/eldiariodesanpedro.com.ar\/sitio\/wp-json\/wp\/v2\/posts\/89598","targetHints":{"allow":["GET"]}}],"collection":[{"href":"https:\/\/eldiariodesanpedro.com.ar\/sitio\/wp-json\/wp\/v2\/posts"}],"about":[{"href":"https:\/\/eldiariodesanpedro.com.ar\/sitio\/wp-json\/wp\/v2\/types\/post"}],"author":[{"embeddable":true,"href":"https:\/\/eldiariodesanpedro.com.ar\/sitio\/wp-json\/wp\/v2\/users\/4"}],"replies":[{"embeddable":true,"href":"https:\/\/eldiariodesanpedro.com.ar\/sitio\/wp-json\/wp\/v2\/comments?post=89598"}],"version-history":[{"count":1,"href":"https:\/\/eldiariodesanpedro.com.ar\/sitio\/wp-json\/wp\/v2\/posts\/89598\/revisions"}],"predecessor-version":[{"id":89600,"href":"https:\/\/eldiariodesanpedro.com.ar\/sitio\/wp-json\/wp\/v2\/posts\/89598\/revisions\/89600"}],"wp:featuredmedia":[{"embeddable":true,"href":"https:\/\/eldiariodesanpedro.com.ar\/sitio\/wp-json\/wp\/v2\/media\/89599"}],"wp:attachment":[{"href":"https:\/\/eldiariodesanpedro.com.ar\/sitio\/wp-json\/wp\/v2\/media?parent=89598"}],"wp:term":[{"taxonomy":"category","embeddable":true,"href":"https:\/\/eldiariodesanpedro.com.ar\/sitio\/wp-json\/wp\/v2\/categories?post=89598"},{"taxonomy":"post_tag","embeddable":true,"href":"https:\/\/eldiariodesanpedro.com.ar\/sitio\/wp-json\/wp\/v2\/tags?post=89598"}],"curies":[{"name":"wp","href":"https:\/\/api.w.org\/{rel}","templated":true}]}}