{"id":89591,"date":"2021-03-22T10:08:49","date_gmt":"2021-03-22T13:08:49","guid":{"rendered":"https:\/\/eldiariodesanpedro.com.ar\/sitio\/?p=89591"},"modified":"2021-03-22T10:08:53","modified_gmt":"2021-03-22T13:08:53","slug":"inauguracion-de-mural-de-homenaje-a-osvaldo-pato-morresi","status":"publish","type":"post","link":"https:\/\/eldiariodesanpedro.com.ar\/sitio\/inauguracion-de-mural-de-homenaje-a-osvaldo-pato-morresi\/","title":{"rendered":"Inauguraci\u00f3n de mural de homenaje a Osvaldo \u00abPato\u00bb Morresi"},"content":{"rendered":"<!-- VideographyWP Plugin Message: Automatic video embedding prevented by plugin options. -->\n\n<p>La Secretar\u00eda de Turismo de la Municipalidad de San Pedro invita a la inauguraci\u00f3n de un nuevo mural de homenaje a Osvaldo Pato Morresi, el pr\u00f3ximo s\u00e1bado 27 de marzo a las 17 en el paseo que lleva su nombre, en la Plazoleta Fray Cayetano Rodr\u00edguez.<\/p>\n\n\n\n<p>All\u00ed junto al Museo Osvaldo Pato Morresi, el Autom\u00f3vil Club San Pedro, familia, amigos y seguidores del gran piloto local, compartiremos un acto para recordarlo en un nuevo aniversario de su partida.<\/p>\n\n\n\n<p>En la oportunidad se presentar\u00e1 el mural de mosaiquismo para identificar este espacio de costanera sampedrina.<br>Los esperamos.<\/p>\n","protected":false},"excerpt":{"rendered":"<p>La Secretar\u00eda de Turismo de la Municipalidad de San Pedro invita a la inauguraci\u00f3n de un nuevo mural de homenaje a Osvaldo Pato Morresi, el pr\u00f3ximo s\u00e1bado 27 de marzo a las 17 en el paseo que lleva su nombre, en la Plazoleta Fray Cayetano Rodr\u00edguez. All\u00ed junto al Museo Osvaldo Pato Morresi, el Autom\u00f3vil [&hellip;]<\/p>\n","protected":false},"author":4,"featured_media":89592,"comment_status":"open","ping_status":"closed","sticky":false,"template":"","format":"standard","meta":{"om_disable_all_campaigns":false,"_jetpack_memberships_contains_paid_content":false,"footnotes":""},"categories":[101,2],"tags":[],"class_list":["post-89591","post","type-post","status-publish","format-standard","has-post-thumbnail","hentry","category-interes-general-locales","category-locales"],"aioseo_notices":[],"gutentor_comment":0,"jetpack_featured_media_url":"https:\/\/eldiariodesanpedro.com.ar\/sitio\/wp-content\/uploads\/2021\/03\/patomorresi_monolito.jpg","jetpack_shortlink":"https:\/\/wp.me\/p6RhLt-nj1","jetpack_sharing_enabled":true,"_links":{"self":[{"href":"https:\/\/eldiariodesanpedro.com.ar\/sitio\/wp-json\/wp\/v2\/posts\/89591","targetHints":{"allow":["GET"]}}],"collection":[{"href":"https:\/\/eldiariodesanpedro.com.ar\/sitio\/wp-json\/wp\/v2\/posts"}],"about":[{"href":"https:\/\/eldiariodesanpedro.com.ar\/sitio\/wp-json\/wp\/v2\/types\/post"}],"author":[{"embeddable":true,"href":"https:\/\/eldiariodesanpedro.com.ar\/sitio\/wp-json\/wp\/v2\/users\/4"}],"replies":[{"embeddable":true,"href":"https:\/\/eldiariodesanpedro.com.ar\/sitio\/wp-json\/wp\/v2\/comments?post=89591"}],"version-history":[{"count":1,"href":"https:\/\/eldiariodesanpedro.com.ar\/sitio\/wp-json\/wp\/v2\/posts\/89591\/revisions"}],"predecessor-version":[{"id":89593,"href":"https:\/\/eldiariodesanpedro.com.ar\/sitio\/wp-json\/wp\/v2\/posts\/89591\/revisions\/89593"}],"wp:featuredmedia":[{"embeddable":true,"href":"https:\/\/eldiariodesanpedro.com.ar\/sitio\/wp-json\/wp\/v2\/media\/89592"}],"wp:attachment":[{"href":"https:\/\/eldiariodesanpedro.com.ar\/sitio\/wp-json\/wp\/v2\/media?parent=89591"}],"wp:term":[{"taxonomy":"category","embeddable":true,"href":"https:\/\/eldiariodesanpedro.com.ar\/sitio\/wp-json\/wp\/v2\/categories?post=89591"},{"taxonomy":"post_tag","embeddable":true,"href":"https:\/\/eldiariodesanpedro.com.ar\/sitio\/wp-json\/wp\/v2\/tags?post=89591"}],"curies":[{"name":"wp","href":"https:\/\/api.w.org\/{rel}","templated":true}]}}