{"id":8959,"date":"2016-10-18T19:51:56","date_gmt":"2016-10-18T22:51:56","guid":{"rendered":"https:\/\/eldiariodesanpedro.com.ar\/sitio\/?p=8959"},"modified":"2016-10-18T19:51:56","modified_gmt":"2016-10-18T22:51:56","slug":"robo-en-la-oficina-de-cablevision","status":"publish","type":"post","link":"https:\/\/eldiariodesanpedro.com.ar\/sitio\/robo-en-la-oficina-de-cablevision\/","title":{"rendered":"Robo en la oficina de Cablevision"},"content":{"rendered":"<p><!-- VideographyWP Plugin Message: Automatic video embedding prevented by plugin options. --><br \/>\nDurante la madrugada de hoy alrededor de la 1.00 am, autores ignorados ingresaron a las oficinas comerciales de la empresa de cable que se encuentran en 3 de Febrero y Rivadavia. Tras forzar la puerta principal, lograron abrirla y sustrajeron un televisor que se encontraba en la vidriera.<br \/>\nLa fiscal\u00eda en turno caratul\u00f3 el hecho como \u201cHurto\u201d e imparti\u00f3 las directivas a la polic\u00eda para que comience una investigaci\u00f3n.<\/p>\n","protected":false},"excerpt":{"rendered":"<p>Durante la madrugada de hoy alrededor de la 1.00 am, autores ignorados ingresaron a las oficinas comerciales de la empresa de cable que se encuentran en 3 de Febrero y Rivadavia. Tras forzar la puerta principal, lograron abrirla y sustrajeron un televisor que se encontraba en la vidriera. La fiscal\u00eda en turno caratul\u00f3 el hecho [&hellip;]<\/p>\n","protected":false},"author":4,"featured_media":8960,"comment_status":"open","ping_status":"closed","sticky":false,"template":"","format":"standard","meta":{"om_disable_all_campaigns":false,"_jetpack_memberships_contains_paid_content":false,"footnotes":""},"categories":[50,2,103],"tags":[],"class_list":["post-8959","post","type-post","status-publish","format-standard","has-post-thumbnail","hentry","category-destacadas","category-locales","category-policiales-locales"],"aioseo_notices":[],"gutentor_comment":0,"jetpack_featured_media_url":"https:\/\/eldiariodesanpedro.com.ar\/sitio\/wp-content\/uploads\/2016\/10\/cablevision-san-pedro-e1476831052236.jpg","jetpack_shortlink":"https:\/\/wp.me\/p6RhLt-2kv","jetpack_sharing_enabled":true,"_links":{"self":[{"href":"https:\/\/eldiariodesanpedro.com.ar\/sitio\/wp-json\/wp\/v2\/posts\/8959","targetHints":{"allow":["GET"]}}],"collection":[{"href":"https:\/\/eldiariodesanpedro.com.ar\/sitio\/wp-json\/wp\/v2\/posts"}],"about":[{"href":"https:\/\/eldiariodesanpedro.com.ar\/sitio\/wp-json\/wp\/v2\/types\/post"}],"author":[{"embeddable":true,"href":"https:\/\/eldiariodesanpedro.com.ar\/sitio\/wp-json\/wp\/v2\/users\/4"}],"replies":[{"embeddable":true,"href":"https:\/\/eldiariodesanpedro.com.ar\/sitio\/wp-json\/wp\/v2\/comments?post=8959"}],"version-history":[{"count":1,"href":"https:\/\/eldiariodesanpedro.com.ar\/sitio\/wp-json\/wp\/v2\/posts\/8959\/revisions"}],"predecessor-version":[{"id":8961,"href":"https:\/\/eldiariodesanpedro.com.ar\/sitio\/wp-json\/wp\/v2\/posts\/8959\/revisions\/8961"}],"wp:featuredmedia":[{"embeddable":true,"href":"https:\/\/eldiariodesanpedro.com.ar\/sitio\/wp-json\/wp\/v2\/media\/8960"}],"wp:attachment":[{"href":"https:\/\/eldiariodesanpedro.com.ar\/sitio\/wp-json\/wp\/v2\/media?parent=8959"}],"wp:term":[{"taxonomy":"category","embeddable":true,"href":"https:\/\/eldiariodesanpedro.com.ar\/sitio\/wp-json\/wp\/v2\/categories?post=8959"},{"taxonomy":"post_tag","embeddable":true,"href":"https:\/\/eldiariodesanpedro.com.ar\/sitio\/wp-json\/wp\/v2\/tags?post=8959"}],"curies":[{"name":"wp","href":"https:\/\/api.w.org\/{rel}","templated":true}]}}