{"id":89585,"date":"2021-03-22T09:27:09","date_gmt":"2021-03-22T12:27:09","guid":{"rendered":"https:\/\/eldiariodesanpedro.com.ar\/sitio\/?p=89585"},"modified":"2021-03-22T09:27:13","modified_gmt":"2021-03-22T12:27:13","slug":"incendio-destruyo-camioneta-en-la-ruta-9","status":"publish","type":"post","link":"https:\/\/eldiariodesanpedro.com.ar\/sitio\/incendio-destruyo-camioneta-en-la-ruta-9\/","title":{"rendered":"Incendio destruy\u00f3 camioneta en la Ruta 9"},"content":{"rendered":"<!-- VideographyWP Plugin Message: Automatic video embedding prevented by plugin options. -->\n\n<p>Sucedi\u00f3 en la tarde del domingo en el kil\u00f3metro 165 de la Ruta 9. El veh\u00edculo sufri\u00f3 destrucci\u00f3n total. No hubo heridos.<\/p>\n\n\n\n<p>Un veh\u00edculo que circulaba por el camino nacional se incendi\u00f3 obligando a la intervenci\u00f3n del cuerpo de Bomberos Voluntarios.<br>El siniestro se origin\u00f3 cerca de las 18 hora sobre el kil\u00f3metro 165 de la Ruta 9, carril Rosario- Buenos Aires.<\/p>\n\n\n\n<p>Una camioneta Dodge Ram de color negra que ven\u00eda circulando con total normalidad se incendi\u00f3 por completo generando la destrucci\u00f3n total del rodado.<\/p>\n\n\n\n<p>El conductor del veh\u00edculo advirti\u00f3 que algo no estaba bien y decidi\u00f3 detenerse sobre el lateral para ver lo que suced\u00eda. En el mismo instante en que la camioneta interrumpi\u00f3 su trayecto comenz\u00f3 a incendiarse y a pesar de todos los intentos que se hicieron para evitarlo las llamas se generalizaron r\u00e1pidamente y en cuesti\u00f3n de segundos se consumi\u00f3 todo.<\/p>\n\n\n\n<p>Una dotaci\u00f3n del cuerpo de Bomberos Voluntarios a cargo de Rom\u00e1n Montenegro intervino en el incidente logrando extinguirlo en pocos minutos.<\/p>\n\n\n\n<p>A pesar de la magnitud del mismo no hubo que lamentar ning\u00fan tipo de heridos ya que ni bien se inici\u00f3 el fuego,&nbsp; el \u00fanico ocupante del rodado pudo salir por sus propios medios.<\/p>\n\n\n\n<p>Fuente: <a href=\"https:\/\/www.sanpedroinforma.com.ar\/nota\/124085\/interes-general\/incendio-destruyo-camioneta-en-la-ruta-9.html\">San Pedro Informa<\/a><\/p>\n","protected":false},"excerpt":{"rendered":"<p>Sucedi\u00f3 en la tarde del domingo en el kil\u00f3metro 165 de la Ruta 9. El veh\u00edculo sufri\u00f3 destrucci\u00f3n total. No hubo heridos. Un veh\u00edculo que circulaba por el camino nacional se incendi\u00f3 obligando a la intervenci\u00f3n del cuerpo de Bomberos Voluntarios.El siniestro se origin\u00f3 cerca de las 18 hora sobre el kil\u00f3metro 165 de la [&hellip;]<\/p>\n","protected":false},"author":4,"featured_media":89586,"comment_status":"open","ping_status":"closed","sticky":false,"template":"","format":"standard","meta":{"om_disable_all_campaigns":false,"_jetpack_memberships_contains_paid_content":false,"footnotes":""},"categories":[50,2,103],"tags":[],"class_list":["post-89585","post","type-post","status-publish","format-standard","has-post-thumbnail","hentry","category-destacadas","category-locales","category-policiales-locales"],"aioseo_notices":[],"gutentor_comment":0,"jetpack_featured_media_url":"https:\/\/eldiariodesanpedro.com.ar\/sitio\/wp-content\/uploads\/2021\/03\/000090600.jpg","jetpack_shortlink":"https:\/\/wp.me\/p6RhLt-niV","jetpack_sharing_enabled":true,"_links":{"self":[{"href":"https:\/\/eldiariodesanpedro.com.ar\/sitio\/wp-json\/wp\/v2\/posts\/89585","targetHints":{"allow":["GET"]}}],"collection":[{"href":"https:\/\/eldiariodesanpedro.com.ar\/sitio\/wp-json\/wp\/v2\/posts"}],"about":[{"href":"https:\/\/eldiariodesanpedro.com.ar\/sitio\/wp-json\/wp\/v2\/types\/post"}],"author":[{"embeddable":true,"href":"https:\/\/eldiariodesanpedro.com.ar\/sitio\/wp-json\/wp\/v2\/users\/4"}],"replies":[{"embeddable":true,"href":"https:\/\/eldiariodesanpedro.com.ar\/sitio\/wp-json\/wp\/v2\/comments?post=89585"}],"version-history":[{"count":1,"href":"https:\/\/eldiariodesanpedro.com.ar\/sitio\/wp-json\/wp\/v2\/posts\/89585\/revisions"}],"predecessor-version":[{"id":89587,"href":"https:\/\/eldiariodesanpedro.com.ar\/sitio\/wp-json\/wp\/v2\/posts\/89585\/revisions\/89587"}],"wp:featuredmedia":[{"embeddable":true,"href":"https:\/\/eldiariodesanpedro.com.ar\/sitio\/wp-json\/wp\/v2\/media\/89586"}],"wp:attachment":[{"href":"https:\/\/eldiariodesanpedro.com.ar\/sitio\/wp-json\/wp\/v2\/media?parent=89585"}],"wp:term":[{"taxonomy":"category","embeddable":true,"href":"https:\/\/eldiariodesanpedro.com.ar\/sitio\/wp-json\/wp\/v2\/categories?post=89585"},{"taxonomy":"post_tag","embeddable":true,"href":"https:\/\/eldiariodesanpedro.com.ar\/sitio\/wp-json\/wp\/v2\/tags?post=89585"}],"curies":[{"name":"wp","href":"https:\/\/api.w.org\/{rel}","templated":true}]}}