{"id":89579,"date":"2021-03-21T17:55:49","date_gmt":"2021-03-21T20:55:49","guid":{"rendered":"https:\/\/eldiariodesanpedro.com.ar\/sitio\/?p=89579"},"modified":"2021-03-21T17:55:53","modified_gmt":"2021-03-21T20:55:53","slug":"mujer-denuncio-ser-golpeada-reiteradamente-por-su-pareja","status":"publish","type":"post","link":"https:\/\/eldiariodesanpedro.com.ar\/sitio\/mujer-denuncio-ser-golpeada-reiteradamente-por-su-pareja\/","title":{"rendered":"Mujer denuncio ser golpeada reiteradamente por su pareja"},"content":{"rendered":"<!-- VideographyWP Plugin Message: Automatic video embedding prevented by plugin options. -->\n\n<p>Une mujer denuncio este domingo a trav\u00e9s de sus redes sociales donde cuenta el sufrimiento de la violencia con la que es golpeada frecuentemente y por el padre de sus hijos.<\/p>\n\n\n\n<p>Seg\u00fan cuenta en su descargo ya es como la decima vez que sufre violencia de genero por su pareja y ah estado reiterada veces en la guardia del hospital.<\/p>\n\n\n\n<p>La mujer realizara la correspondiente denuncia en la Comisaria de la Mujer y la Familia.<\/p>\n\n\n\n<p>\u00ab<em>Asi m deja, siempre toda desfigurada la cara como por decima novena vez mas o menos mi pareja, el pap\u00e1 de mi nena. El pap\u00e1 de mi nena de 2 a\u00f1itos, Adelante de ella, de la otra de 7 a\u00f1os y de mi hijo. Un ejemplo para todo, me caga a palo x celos o por lo que le parezca a \u00e9l. Yo se q soy la \u00fanica culpable y responsable de esto por perdonar una y otra vez, por creer que no va a pasar de nuevo y paf pasa!! Yo soy una persona que me defiendo bastante por eso las lesiones son leves, pero basta. Hoy decid\u00ed publicarlo para que la pr\u00f3xima vez que quiera volver con \u00e9l ME DE VERGUENZA!!!!. No soy de hacer publicas estas cosas pero no puedo guardar mas, mas de una vez quede en la guardia y como boluda volv\u00ed. Hoy espero que sea la ultima por que cada vez que safo de estas golpizas es con suerte y por que me defiendo, ahora el me va a poner abogado por defenderme, es un loco y yo quer\u00eda curarlo pero me enferme con \u00e9l, ahora necesito ayuda no quiero volver mas a pasar por algo as\u00ed, por mis nenas y por mi\u00bb.<\/em><\/p>\n","protected":false},"excerpt":{"rendered":"<p>Une mujer denuncio este domingo a trav\u00e9s de sus redes sociales donde cuenta el sufrimiento de la violencia con la que es golpeada frecuentemente y por el padre de sus hijos. Seg\u00fan cuenta en su descargo ya es como la decima vez que sufre violencia de genero por su pareja y ah estado reiterada veces [&hellip;]<\/p>\n","protected":false},"author":4,"featured_media":89580,"comment_status":"open","ping_status":"closed","sticky":false,"template":"","format":"standard","meta":{"om_disable_all_campaigns":false,"_jetpack_memberships_contains_paid_content":false,"footnotes":""},"categories":[101,2],"tags":[],"class_list":["post-89579","post","type-post","status-publish","format-standard","has-post-thumbnail","hentry","category-interes-general-locales","category-locales"],"aioseo_notices":[],"gutentor_comment":0,"jetpack_featured_media_url":"https:\/\/eldiariodesanpedro.com.ar\/sitio\/wp-content\/uploads\/2021\/03\/162639714_3859563804130172_2730153176203480843_o.jpg","jetpack_shortlink":"https:\/\/wp.me\/p6RhLt-niP","jetpack_sharing_enabled":true,"_links":{"self":[{"href":"https:\/\/eldiariodesanpedro.com.ar\/sitio\/wp-json\/wp\/v2\/posts\/89579","targetHints":{"allow":["GET"]}}],"collection":[{"href":"https:\/\/eldiariodesanpedro.com.ar\/sitio\/wp-json\/wp\/v2\/posts"}],"about":[{"href":"https:\/\/eldiariodesanpedro.com.ar\/sitio\/wp-json\/wp\/v2\/types\/post"}],"author":[{"embeddable":true,"href":"https:\/\/eldiariodesanpedro.com.ar\/sitio\/wp-json\/wp\/v2\/users\/4"}],"replies":[{"embeddable":true,"href":"https:\/\/eldiariodesanpedro.com.ar\/sitio\/wp-json\/wp\/v2\/comments?post=89579"}],"version-history":[{"count":1,"href":"https:\/\/eldiariodesanpedro.com.ar\/sitio\/wp-json\/wp\/v2\/posts\/89579\/revisions"}],"predecessor-version":[{"id":89581,"href":"https:\/\/eldiariodesanpedro.com.ar\/sitio\/wp-json\/wp\/v2\/posts\/89579\/revisions\/89581"}],"wp:featuredmedia":[{"embeddable":true,"href":"https:\/\/eldiariodesanpedro.com.ar\/sitio\/wp-json\/wp\/v2\/media\/89580"}],"wp:attachment":[{"href":"https:\/\/eldiariodesanpedro.com.ar\/sitio\/wp-json\/wp\/v2\/media?parent=89579"}],"wp:term":[{"taxonomy":"category","embeddable":true,"href":"https:\/\/eldiariodesanpedro.com.ar\/sitio\/wp-json\/wp\/v2\/categories?post=89579"},{"taxonomy":"post_tag","embeddable":true,"href":"https:\/\/eldiariodesanpedro.com.ar\/sitio\/wp-json\/wp\/v2\/tags?post=89579"}],"curies":[{"name":"wp","href":"https:\/\/api.w.org\/{rel}","templated":true}]}}