{"id":89574,"date":"2021-03-21T17:23:57","date_gmt":"2021-03-21T20:23:57","guid":{"rendered":"https:\/\/eldiariodesanpedro.com.ar\/sitio\/?p=89574"},"modified":"2021-03-21T17:24:02","modified_gmt":"2021-03-21T20:24:02","slug":"ramallo-arrebeef-el-intendente-perie-aseguro-que-se-trabaja-para-programar-la-reapertura","status":"publish","type":"post","link":"https:\/\/eldiariodesanpedro.com.ar\/sitio\/ramallo-arrebeef-el-intendente-perie-aseguro-que-se-trabaja-para-programar-la-reapertura\/","title":{"rendered":"RAMALLO | Arrebeef: El intendente Peri\u00e9 asegur\u00f3 que se trabaja \u00abpara programar la reapertura\u00bb"},"content":{"rendered":"<!-- VideographyWP Plugin Message: Automatic video embedding prevented by plugin options. -->\n\n<p>El lunes 22 est\u00e1 prevista una reuni\u00f3n entre la Federaci\u00f3n de la Carne, el empresario, el ministerio de Trabajo de Naci\u00f3n y el propio intendente Gustavo Peri\u00e9 en la que se podr\u00eda determinar la fecha de reapertura del frigor\u00edfico. La noticia fue comunicada este viernes a los y las trabajadoras que permanecen en la puerta de la planta.<\/p>\n\n\n\n<p>El conflicto que mantiene en vilo a toda la comunidad de P\u00e9rez Mill\u00e1n podr\u00eda estar pr\u00f3ximo a resolverse, seg\u00fan las palabras del intendente Gustavo Peri\u00e9 quien afirm\u00f3 en las \u00faltimas horas con FM Ramallo City que se est\u00e1 trabajando \u00abpara programar la reapertura\u00bb.<\/p>\n\n\n\n<p>\u00abAyer (por el jueves) estuve en Buenos Aires reunido con la gente de la Federaci\u00f3n de la Carne con quienes vengo hablando desde hace varios d\u00edas, con el Titular Jos\u00e9 Fantini y con el abogado Leonardo Bu\u00eda. A las 21.30 termin\u00f3 la reuni\u00f3n con el Ministerio de Trabajo y el lunes tendr\u00e1n otra reuni\u00f3n\u00bb, cont\u00f3 Peri\u00e9, quien este viernes se acerc\u00f3 a las puertas del frigor\u00edfico junto a representantes de la Federaci\u00f3n de la Carne para dar las buenas nuevas<\/p>\n\n\n\n<p>Seg\u00fan se les comunic\u00f3 a quienes esperan por sus puestos laborales, el due\u00f1o Hugo Borrel est\u00e1 dispuesto a programar una reapertura. Por el momento, se desconocen los t\u00e9rminos de la misma y si los reclamos de los y las trabajadoras que llevaron a la protesta inicial, ser\u00e1n tenidos en cuenta en esta negociaci\u00f3n.<\/p>\n\n\n\n<p>Las pr\u00f3ximas horas ser\u00e1n claves para este conflicto, que esta semana incluy\u00f3 la represi\u00f3n a los y las trabajadoras en dos oportunidades, primero en manos de Infanter\u00eda y luego por parte de la Polic\u00eda Comunal de P\u00e9rez Mill\u00e1n.<\/p>\n\n\n\n<p>Fuente: <a href=\"https:\/\/visionregional.com.ar\/arrebeef-el-intendente-perie-aseguro-que-se-trabaja-para-programar-la-reapertura\">Vision Regional<\/a><\/p>\n","protected":false},"excerpt":{"rendered":"<p>El lunes 22 est\u00e1 prevista una reuni\u00f3n entre la Federaci\u00f3n de la Carne, el empresario, el ministerio de Trabajo de Naci\u00f3n y el propio intendente Gustavo Peri\u00e9 en la que se podr\u00eda determinar la fecha de reapertura del frigor\u00edfico. La noticia fue comunicada este viernes a los y las trabajadoras que permanecen en la puerta [&hellip;]<\/p>\n","protected":false},"author":4,"featured_media":89575,"comment_status":"open","ping_status":"closed","sticky":false,"template":"","format":"standard","meta":{"om_disable_all_campaigns":false,"_jetpack_memberships_contains_paid_content":false,"footnotes":""},"categories":[621],"tags":[],"class_list":["post-89574","post","type-post","status-publish","format-standard","has-post-thumbnail","hentry","category-regionales"],"aioseo_notices":[],"gutentor_comment":0,"jetpack_featured_media_url":"https:\/\/eldiariodesanpedro.com.ar\/sitio\/wp-content\/uploads\/2021\/03\/Arrebeef-VR-2.jpg","jetpack_shortlink":"https:\/\/wp.me\/p6RhLt-niK","jetpack_sharing_enabled":true,"_links":{"self":[{"href":"https:\/\/eldiariodesanpedro.com.ar\/sitio\/wp-json\/wp\/v2\/posts\/89574","targetHints":{"allow":["GET"]}}],"collection":[{"href":"https:\/\/eldiariodesanpedro.com.ar\/sitio\/wp-json\/wp\/v2\/posts"}],"about":[{"href":"https:\/\/eldiariodesanpedro.com.ar\/sitio\/wp-json\/wp\/v2\/types\/post"}],"author":[{"embeddable":true,"href":"https:\/\/eldiariodesanpedro.com.ar\/sitio\/wp-json\/wp\/v2\/users\/4"}],"replies":[{"embeddable":true,"href":"https:\/\/eldiariodesanpedro.com.ar\/sitio\/wp-json\/wp\/v2\/comments?post=89574"}],"version-history":[{"count":1,"href":"https:\/\/eldiariodesanpedro.com.ar\/sitio\/wp-json\/wp\/v2\/posts\/89574\/revisions"}],"predecessor-version":[{"id":89576,"href":"https:\/\/eldiariodesanpedro.com.ar\/sitio\/wp-json\/wp\/v2\/posts\/89574\/revisions\/89576"}],"wp:featuredmedia":[{"embeddable":true,"href":"https:\/\/eldiariodesanpedro.com.ar\/sitio\/wp-json\/wp\/v2\/media\/89575"}],"wp:attachment":[{"href":"https:\/\/eldiariodesanpedro.com.ar\/sitio\/wp-json\/wp\/v2\/media?parent=89574"}],"wp:term":[{"taxonomy":"category","embeddable":true,"href":"https:\/\/eldiariodesanpedro.com.ar\/sitio\/wp-json\/wp\/v2\/categories?post=89574"},{"taxonomy":"post_tag","embeddable":true,"href":"https:\/\/eldiariodesanpedro.com.ar\/sitio\/wp-json\/wp\/v2\/tags?post=89574"}],"curies":[{"name":"wp","href":"https:\/\/api.w.org\/{rel}","templated":true}]}}