{"id":8957,"date":"2016-10-18T19:41:09","date_gmt":"2016-10-18T22:41:09","guid":{"rendered":"https:\/\/eldiariodesanpedro.com.ar\/sitio\/?p=8957"},"modified":"2016-10-18T20:02:47","modified_gmt":"2016-10-18T23:02:47","slug":"violento-incidente-entre-mujeres-en-cercanias-a-la-escuela-no-1","status":"publish","type":"post","link":"https:\/\/eldiariodesanpedro.com.ar\/sitio\/violento-incidente-entre-mujeres-en-cercanias-a-la-escuela-no-1\/","title":{"rendered":"Violento incidente entre mujeres en cercan\u00edas a la Escuela N\u00ba 1"},"content":{"rendered":"<p><!-- VideographyWP Plugin Message: Automatic video embedding prevented by plugin options. --><br \/>\nDos mujeres agredieron a otra con la cual tienen problemas de larga data. Las agresiones comenzaron en la Escuela N\u00ba 1. Dos mujeres comenzaron a propiciarle golpes a una tercera y producto de ese violento intercambio es tirada al piso.<br \/>\nLuego fueron separadas por el personal de Parques y Jardines que se hallaba en la plaza Constituci\u00f3n. All\u00ed la v\u00edctima sali\u00f3 corriendo en direcci\u00f3n a la calle 9 de Julio y en ese momento llam\u00f3 a su padre, quien lleg\u00f3 r\u00e1pidamente al lugar e interceptaron a pocos metros a las agresoras, por lo que nuevamente se produjeron agresiones entre las partes.<br \/>\nMomento despu\u00e9s intervino la polic\u00eda y aprehendieron al hombre y a su hija, mientras que la mujer que se hallaba sobre la cinta asf\u00e1ltica fue derivada por la ambulancia del Servicio de Emergencia 107 al Hospital.<\/p>\n","protected":false},"excerpt":{"rendered":"<p>Dos mujeres agredieron a otra con la cual tienen problemas de larga data. Las agresiones comenzaron en la Escuela N\u00ba 1. Dos mujeres comenzaron a propiciarle golpes a una tercera y producto de ese violento intercambio es tirada al piso. Luego fueron separadas por el personal de Parques y Jardines que se hallaba en la [&hellip;]<\/p>\n","protected":false},"author":4,"featured_media":8968,"comment_status":"open","ping_status":"closed","sticky":false,"template":"","format":"standard","meta":{"om_disable_all_campaigns":false,"_jetpack_memberships_contains_paid_content":false,"footnotes":""},"categories":[2,103],"tags":[],"class_list":["post-8957","post","type-post","status-publish","format-standard","has-post-thumbnail","hentry","category-locales","category-policiales-locales"],"aioseo_notices":[],"gutentor_comment":0,"jetpack_featured_media_url":"https:\/\/eldiariodesanpedro.com.ar\/sitio\/wp-content\/uploads\/2016\/10\/pelea.jpg","jetpack_shortlink":"https:\/\/wp.me\/p6RhLt-2kt","jetpack_sharing_enabled":true,"_links":{"self":[{"href":"https:\/\/eldiariodesanpedro.com.ar\/sitio\/wp-json\/wp\/v2\/posts\/8957","targetHints":{"allow":["GET"]}}],"collection":[{"href":"https:\/\/eldiariodesanpedro.com.ar\/sitio\/wp-json\/wp\/v2\/posts"}],"about":[{"href":"https:\/\/eldiariodesanpedro.com.ar\/sitio\/wp-json\/wp\/v2\/types\/post"}],"author":[{"embeddable":true,"href":"https:\/\/eldiariodesanpedro.com.ar\/sitio\/wp-json\/wp\/v2\/users\/4"}],"replies":[{"embeddable":true,"href":"https:\/\/eldiariodesanpedro.com.ar\/sitio\/wp-json\/wp\/v2\/comments?post=8957"}],"version-history":[{"count":1,"href":"https:\/\/eldiariodesanpedro.com.ar\/sitio\/wp-json\/wp\/v2\/posts\/8957\/revisions"}],"predecessor-version":[{"id":8958,"href":"https:\/\/eldiariodesanpedro.com.ar\/sitio\/wp-json\/wp\/v2\/posts\/8957\/revisions\/8958"}],"wp:featuredmedia":[{"embeddable":true,"href":"https:\/\/eldiariodesanpedro.com.ar\/sitio\/wp-json\/wp\/v2\/media\/8968"}],"wp:attachment":[{"href":"https:\/\/eldiariodesanpedro.com.ar\/sitio\/wp-json\/wp\/v2\/media?parent=8957"}],"wp:term":[{"taxonomy":"category","embeddable":true,"href":"https:\/\/eldiariodesanpedro.com.ar\/sitio\/wp-json\/wp\/v2\/categories?post=8957"},{"taxonomy":"post_tag","embeddable":true,"href":"https:\/\/eldiariodesanpedro.com.ar\/sitio\/wp-json\/wp\/v2\/tags?post=8957"}],"curies":[{"name":"wp","href":"https:\/\/api.w.org\/{rel}","templated":true}]}}