{"id":89569,"date":"2021-03-21T17:15:18","date_gmt":"2021-03-21T20:15:18","guid":{"rendered":"https:\/\/eldiariodesanpedro.com.ar\/sitio\/?p=89569"},"modified":"2021-03-21T17:15:27","modified_gmt":"2021-03-21T20:15:27","slug":"robaron-herramientas-de-un-galpon-2","status":"publish","type":"post","link":"https:\/\/eldiariodesanpedro.com.ar\/sitio\/robaron-herramientas-de-un-galpon-2\/","title":{"rendered":"Robaron herramientas de un galp\u00f3n"},"content":{"rendered":"<!-- VideographyWP Plugin Message: Automatic video embedding prevented by plugin options. -->\n\n<p>Este s\u00e1bado se recibi\u00f3 la denuncia de un ciudadano de 58 a\u00f1os de nuestra ciudad en la comisar\u00eda local donde declar\u00f3 que en el mismo d\u00eda constat\u00f3 que autores ignorados ingresaron al galp\u00f3n de su propiedad ubicado en calle Las Provincias al 2600 y le sustraen, motosierra, y otras herramientas de mano se investiga con intervenci\u00f3n de la justicia local por la car\u00e1tula de robo.<\/p>\n","protected":false},"excerpt":{"rendered":"<p>Este s\u00e1bado se recibi\u00f3 la denuncia de un ciudadano de 58 a\u00f1os de nuestra ciudad en la comisar\u00eda local donde declar\u00f3 que en el mismo d\u00eda constat\u00f3 que autores ignorados ingresaron al galp\u00f3n de su propiedad ubicado en calle Las Provincias al 2600 y le sustraen, motosierra, y otras herramientas de mano se investiga con [&hellip;]<\/p>\n","protected":false},"author":4,"featured_media":45394,"comment_status":"open","ping_status":"closed","sticky":false,"template":"","format":"standard","meta":{"om_disable_all_campaigns":false,"_jetpack_memberships_contains_paid_content":false,"footnotes":""},"categories":[2,103],"tags":[],"class_list":["post-89569","post","type-post","status-publish","format-standard","has-post-thumbnail","hentry","category-locales","category-policiales-locales"],"aioseo_notices":[],"gutentor_comment":0,"jetpack_featured_media_url":"https:\/\/eldiariodesanpedro.com.ar\/sitio\/wp-content\/uploads\/2019\/01\/comisaria.jpg","jetpack_shortlink":"https:\/\/wp.me\/p6RhLt-niF","jetpack_sharing_enabled":true,"_links":{"self":[{"href":"https:\/\/eldiariodesanpedro.com.ar\/sitio\/wp-json\/wp\/v2\/posts\/89569","targetHints":{"allow":["GET"]}}],"collection":[{"href":"https:\/\/eldiariodesanpedro.com.ar\/sitio\/wp-json\/wp\/v2\/posts"}],"about":[{"href":"https:\/\/eldiariodesanpedro.com.ar\/sitio\/wp-json\/wp\/v2\/types\/post"}],"author":[{"embeddable":true,"href":"https:\/\/eldiariodesanpedro.com.ar\/sitio\/wp-json\/wp\/v2\/users\/4"}],"replies":[{"embeddable":true,"href":"https:\/\/eldiariodesanpedro.com.ar\/sitio\/wp-json\/wp\/v2\/comments?post=89569"}],"version-history":[{"count":1,"href":"https:\/\/eldiariodesanpedro.com.ar\/sitio\/wp-json\/wp\/v2\/posts\/89569\/revisions"}],"predecessor-version":[{"id":89570,"href":"https:\/\/eldiariodesanpedro.com.ar\/sitio\/wp-json\/wp\/v2\/posts\/89569\/revisions\/89570"}],"wp:featuredmedia":[{"embeddable":true,"href":"https:\/\/eldiariodesanpedro.com.ar\/sitio\/wp-json\/wp\/v2\/media\/45394"}],"wp:attachment":[{"href":"https:\/\/eldiariodesanpedro.com.ar\/sitio\/wp-json\/wp\/v2\/media?parent=89569"}],"wp:term":[{"taxonomy":"category","embeddable":true,"href":"https:\/\/eldiariodesanpedro.com.ar\/sitio\/wp-json\/wp\/v2\/categories?post=89569"},{"taxonomy":"post_tag","embeddable":true,"href":"https:\/\/eldiariodesanpedro.com.ar\/sitio\/wp-json\/wp\/v2\/tags?post=89569"}],"curies":[{"name":"wp","href":"https:\/\/api.w.org\/{rel}","templated":true}]}}