{"id":89565,"date":"2021-03-21T16:40:41","date_gmt":"2021-03-21T19:40:41","guid":{"rendered":"https:\/\/eldiariodesanpedro.com.ar\/sitio\/?p=89565"},"modified":"2021-03-21T16:40:45","modified_gmt":"2021-03-21T19:40:45","slug":"cuatro-aprehendidos-en-via-publica-con-tenencia-de-estupefacientes","status":"publish","type":"post","link":"https:\/\/eldiariodesanpedro.com.ar\/sitio\/cuatro-aprehendidos-en-via-publica-con-tenencia-de-estupefacientes\/","title":{"rendered":"Cuatro aprehendidos en v\u00eda p\u00fablica con tenencia de estupefacientes"},"content":{"rendered":"<!-- VideographyWP Plugin Message: Automatic video embedding prevented by plugin options. -->\n\n<p>El d\u00eda de ayer, el personal policial de distintos puntos de la ciudad, traslad\u00f3 a sede policial a cuatro masculinos mayores de edad, a quienes se le secuestr\u00f3 en su poder sustancia marihuana en \u00ednfimo pesaje, libr\u00e1ndose actuaciones con intervenci\u00f3n de fiscal\u00eda local.<\/p>\n","protected":false},"excerpt":{"rendered":"<p>El d\u00eda de ayer, el personal policial de distintos puntos de la ciudad, traslad\u00f3 a sede policial a cuatro masculinos mayores de edad, a quienes se le secuestr\u00f3 en su poder sustancia marihuana en \u00ednfimo pesaje, libr\u00e1ndose actuaciones con intervenci\u00f3n de fiscal\u00eda local.<\/p>\n","protected":false},"author":4,"featured_media":67079,"comment_status":"open","ping_status":"closed","sticky":false,"template":"","format":"standard","meta":{"om_disable_all_campaigns":false,"_jetpack_memberships_contains_paid_content":false,"footnotes":""},"categories":[101,2],"tags":[],"class_list":["post-89565","post","type-post","status-publish","format-standard","has-post-thumbnail","hentry","category-interes-general-locales","category-locales"],"aioseo_notices":[],"gutentor_comment":0,"jetpack_featured_media_url":"https:\/\/eldiariodesanpedro.com.ar\/sitio\/wp-content\/uploads\/2020\/01\/menor-detenido3.jpg","jetpack_shortlink":"https:\/\/wp.me\/p6RhLt-niB","jetpack_sharing_enabled":true,"_links":{"self":[{"href":"https:\/\/eldiariodesanpedro.com.ar\/sitio\/wp-json\/wp\/v2\/posts\/89565","targetHints":{"allow":["GET"]}}],"collection":[{"href":"https:\/\/eldiariodesanpedro.com.ar\/sitio\/wp-json\/wp\/v2\/posts"}],"about":[{"href":"https:\/\/eldiariodesanpedro.com.ar\/sitio\/wp-json\/wp\/v2\/types\/post"}],"author":[{"embeddable":true,"href":"https:\/\/eldiariodesanpedro.com.ar\/sitio\/wp-json\/wp\/v2\/users\/4"}],"replies":[{"embeddable":true,"href":"https:\/\/eldiariodesanpedro.com.ar\/sitio\/wp-json\/wp\/v2\/comments?post=89565"}],"version-history":[{"count":1,"href":"https:\/\/eldiariodesanpedro.com.ar\/sitio\/wp-json\/wp\/v2\/posts\/89565\/revisions"}],"predecessor-version":[{"id":89566,"href":"https:\/\/eldiariodesanpedro.com.ar\/sitio\/wp-json\/wp\/v2\/posts\/89565\/revisions\/89566"}],"wp:featuredmedia":[{"embeddable":true,"href":"https:\/\/eldiariodesanpedro.com.ar\/sitio\/wp-json\/wp\/v2\/media\/67079"}],"wp:attachment":[{"href":"https:\/\/eldiariodesanpedro.com.ar\/sitio\/wp-json\/wp\/v2\/media?parent=89565"}],"wp:term":[{"taxonomy":"category","embeddable":true,"href":"https:\/\/eldiariodesanpedro.com.ar\/sitio\/wp-json\/wp\/v2\/categories?post=89565"},{"taxonomy":"post_tag","embeddable":true,"href":"https:\/\/eldiariodesanpedro.com.ar\/sitio\/wp-json\/wp\/v2\/tags?post=89565"}],"curies":[{"name":"wp","href":"https:\/\/api.w.org\/{rel}","templated":true}]}}