{"id":89560,"date":"2021-03-21T16:30:23","date_gmt":"2021-03-21T19:30:23","guid":{"rendered":"https:\/\/eldiariodesanpedro.com.ar\/sitio\/?p=89560"},"modified":"2021-03-21T16:30:24","modified_gmt":"2021-03-21T19:30:24","slug":"baradero-accidente-entre-dos-camiones-en-la-ruta-9","status":"publish","type":"post","link":"https:\/\/eldiariodesanpedro.com.ar\/sitio\/baradero-accidente-entre-dos-camiones-en-la-ruta-9\/","title":{"rendered":"BARADERO | Accidente entre dos camiones en la Ruta 9"},"content":{"rendered":"<!-- VideographyWP Plugin Message: Automatic video embedding prevented by plugin options. -->\n\n<p>En horas de la madrugada, y bajo una persistente lluvia, se produjo un accidente en el Km. 142 de la Ruta Nacional N\u00ba 9, carril Buenos Aires \u2013 Rosario, a la altura de la ciudad de Baradero.<\/p>\n\n\n\n<p>En el mismo se vieron involucrados un cami\u00f3n Iveco, dominio FOO 769, conducido por Cristian Ariel C\u00f3rdoba, que transportaba bebidas gaseosas, y otro rodado de similares caracter\u00edsticas, marca Mercedes Benz, chapa patente SIM 241, a mando de David Samuel Dutra, con una carga de ma\u00edz.<\/p>\n\n\n\n<p>Debido a la p\u00e9rdida de la carga, el tr\u00e1nsito se torn\u00f3 muy lento en un solo carril. Prest\u00f3 colaboraci\u00f3n en el lugar personal de la empresa Cinco Vial, concesionaria de la autopista.<\/p>\n\n\n\n<p>Ambos choferes resultaron ilesos.<\/p>\n\n\n\n<p>Fuente: <a href=\"http:\/\/www.diarioelinformante.com.ar\/\">DIario El Informante<\/a><\/p>\n","protected":false},"excerpt":{"rendered":"<p>En horas de la madrugada, y bajo una persistente lluvia, se produjo un accidente en el Km. 142 de la Ruta Nacional N\u00ba 9, carril Buenos Aires \u2013 Rosario, a la altura de la ciudad de Baradero. En el mismo se vieron involucrados un cami\u00f3n Iveco, dominio FOO 769, conducido por Cristian Ariel C\u00f3rdoba, que [&hellip;]<\/p>\n","protected":false},"author":4,"featured_media":89561,"comment_status":"open","ping_status":"closed","sticky":false,"template":"","format":"standard","meta":{"om_disable_all_campaigns":false,"_jetpack_memberships_contains_paid_content":false,"footnotes":""},"categories":[621],"tags":[],"class_list":["post-89560","post","type-post","status-publish","format-standard","has-post-thumbnail","hentry","category-regionales"],"aioseo_notices":[],"gutentor_comment":0,"jetpack_featured_media_url":"https:\/\/eldiariodesanpedro.com.ar\/sitio\/wp-content\/uploads\/2021\/03\/no_uaej57wln4ww83qWhatsApp_Image_2021_03_20_at_09.03.png","jetpack_shortlink":"https:\/\/wp.me\/p6RhLt-niw","jetpack_sharing_enabled":true,"_links":{"self":[{"href":"https:\/\/eldiariodesanpedro.com.ar\/sitio\/wp-json\/wp\/v2\/posts\/89560","targetHints":{"allow":["GET"]}}],"collection":[{"href":"https:\/\/eldiariodesanpedro.com.ar\/sitio\/wp-json\/wp\/v2\/posts"}],"about":[{"href":"https:\/\/eldiariodesanpedro.com.ar\/sitio\/wp-json\/wp\/v2\/types\/post"}],"author":[{"embeddable":true,"href":"https:\/\/eldiariodesanpedro.com.ar\/sitio\/wp-json\/wp\/v2\/users\/4"}],"replies":[{"embeddable":true,"href":"https:\/\/eldiariodesanpedro.com.ar\/sitio\/wp-json\/wp\/v2\/comments?post=89560"}],"version-history":[{"count":1,"href":"https:\/\/eldiariodesanpedro.com.ar\/sitio\/wp-json\/wp\/v2\/posts\/89560\/revisions"}],"predecessor-version":[{"id":89562,"href":"https:\/\/eldiariodesanpedro.com.ar\/sitio\/wp-json\/wp\/v2\/posts\/89560\/revisions\/89562"}],"wp:featuredmedia":[{"embeddable":true,"href":"https:\/\/eldiariodesanpedro.com.ar\/sitio\/wp-json\/wp\/v2\/media\/89561"}],"wp:attachment":[{"href":"https:\/\/eldiariodesanpedro.com.ar\/sitio\/wp-json\/wp\/v2\/media?parent=89560"}],"wp:term":[{"taxonomy":"category","embeddable":true,"href":"https:\/\/eldiariodesanpedro.com.ar\/sitio\/wp-json\/wp\/v2\/categories?post=89560"},{"taxonomy":"post_tag","embeddable":true,"href":"https:\/\/eldiariodesanpedro.com.ar\/sitio\/wp-json\/wp\/v2\/tags?post=89560"}],"curies":[{"name":"wp","href":"https:\/\/api.w.org\/{rel}","templated":true}]}}