{"id":89554,"date":"2021-03-21T16:21:08","date_gmt":"2021-03-21T19:21:08","guid":{"rendered":"https:\/\/eldiariodesanpedro.com.ar\/sitio\/?p=89554"},"modified":"2021-03-21T16:21:09","modified_gmt":"2021-03-21T19:21:09","slug":"natacion-elite-candela-raviola-culmino-el-sudamericano-con-un-quinto-puesto","status":"publish","type":"post","link":"https:\/\/eldiariodesanpedro.com.ar\/sitio\/natacion-elite-candela-raviola-culmino-el-sudamericano-con-un-quinto-puesto\/","title":{"rendered":"Nataci\u00f3n \u00abelite\u00bb: Candela Raviola culmin\u00f3 el Sudamericano con un quinto puesto"},"content":{"rendered":"<!-- VideographyWP Plugin Message: Automatic video embedding prevented by plugin options. -->\n\n<p>La nadadora de Pescadores logr\u00f3 clasificar a dos finales de tres competencias disputadas y en los 200 metros espalda culmin\u00f3 quinta. El certamen llevado a cabo durante toda la semana en Parque Roca de CABA, fue de mayores y participaron los mejores nadadores del continente.<\/p>\n\n\n\n<p>Candela Raviola, por sus logros y tiempos, fue convocada a la Selecci\u00f3n Nacional de mayores, equipo que represent\u00f3 al pa\u00eds en el \u00faltimo Sudamericano Absoluto que se disput\u00f3 desde el martes al jueves bajo la organizaci\u00f3n de CADDA (Confederaci\u00f3n Argentina de Deportes Acu\u00e1ticos).<\/p>\n\n\n\n<p>Raviola en la ultima jornada de competencia fue sexta en la clasificaci\u00f3n llevada a cabo por la ma\u00f1ana y ya en la tarde \u2013 noche con un excelente tiempo (bajo sus propios registros) qued\u00f3 quinta en la final.<\/p>\n\n\n\n<p>Anteriormente, en la jornada del martes participo en los 50 metros espalda, quedando en el puesto 12\u00ba, pero entr\u00f3 entre las 10 clasificadas al haber nadadoras puertorrique\u00f1as m\u00e1s arriba y lo hizo con el d\u00e9cimo mejor tiempo, llegando a la final en la misma posici\u00f3n con un tiempo de 30 segundos 51 cent\u00e9simas.<\/p>\n\n\n\n<p>Ya el mi\u00e9rcoles fue 12\u00b0 y qued\u00f3 como primer suplente, aunque no logr\u00f3 disputar la final en los 100 metros espalda. Fue tercera en su serie, tiempo de 1 minuto 5 segundos 55.<\/p>\n\n\n\n<p>Fuente: <a href=\"https:\/\/www.sanpedroinforma.com.ar\/nota\/124082\/deportes\/natacion-elite-candela-raviola-culmino-el-sudamericano-con-un-quinto-puesto.html\">San Pedro informa<\/a><\/p>\n","protected":false},"excerpt":{"rendered":"<p>La nadadora de Pescadores logr\u00f3 clasificar a dos finales de tres competencias disputadas y en los 200 metros espalda culmin\u00f3 quinta. El certamen llevado a cabo durante toda la semana en Parque Roca de CABA, fue de mayores y participaron los mejores nadadores del continente. Candela Raviola, por sus logros y tiempos, fue convocada a [&hellip;]<\/p>\n","protected":false},"author":4,"featured_media":89555,"comment_status":"open","ping_status":"closed","sticky":false,"template":"","format":"standard","meta":{"om_disable_all_campaigns":false,"_jetpack_memberships_contains_paid_content":false,"footnotes":""},"categories":[101,2],"tags":[],"class_list":["post-89554","post","type-post","status-publish","format-standard","has-post-thumbnail","hentry","category-interes-general-locales","category-locales"],"aioseo_notices":[],"gutentor_comment":0,"jetpack_featured_media_url":"https:\/\/eldiariodesanpedro.com.ar\/sitio\/wp-content\/uploads\/2021\/03\/000090576.jpg","jetpack_shortlink":"https:\/\/wp.me\/p6RhLt-niq","jetpack_sharing_enabled":true,"_links":{"self":[{"href":"https:\/\/eldiariodesanpedro.com.ar\/sitio\/wp-json\/wp\/v2\/posts\/89554","targetHints":{"allow":["GET"]}}],"collection":[{"href":"https:\/\/eldiariodesanpedro.com.ar\/sitio\/wp-json\/wp\/v2\/posts"}],"about":[{"href":"https:\/\/eldiariodesanpedro.com.ar\/sitio\/wp-json\/wp\/v2\/types\/post"}],"author":[{"embeddable":true,"href":"https:\/\/eldiariodesanpedro.com.ar\/sitio\/wp-json\/wp\/v2\/users\/4"}],"replies":[{"embeddable":true,"href":"https:\/\/eldiariodesanpedro.com.ar\/sitio\/wp-json\/wp\/v2\/comments?post=89554"}],"version-history":[{"count":1,"href":"https:\/\/eldiariodesanpedro.com.ar\/sitio\/wp-json\/wp\/v2\/posts\/89554\/revisions"}],"predecessor-version":[{"id":89556,"href":"https:\/\/eldiariodesanpedro.com.ar\/sitio\/wp-json\/wp\/v2\/posts\/89554\/revisions\/89556"}],"wp:featuredmedia":[{"embeddable":true,"href":"https:\/\/eldiariodesanpedro.com.ar\/sitio\/wp-json\/wp\/v2\/media\/89555"}],"wp:attachment":[{"href":"https:\/\/eldiariodesanpedro.com.ar\/sitio\/wp-json\/wp\/v2\/media?parent=89554"}],"wp:term":[{"taxonomy":"category","embeddable":true,"href":"https:\/\/eldiariodesanpedro.com.ar\/sitio\/wp-json\/wp\/v2\/categories?post=89554"},{"taxonomy":"post_tag","embeddable":true,"href":"https:\/\/eldiariodesanpedro.com.ar\/sitio\/wp-json\/wp\/v2\/tags?post=89554"}],"curies":[{"name":"wp","href":"https:\/\/api.w.org\/{rel}","templated":true}]}}