{"id":89551,"date":"2021-03-21T16:19:03","date_gmt":"2021-03-21T19:19:03","guid":{"rendered":"https:\/\/eldiariodesanpedro.com.ar\/sitio\/?p=89551"},"modified":"2021-03-21T16:19:07","modified_gmt":"2021-03-21T19:19:07","slug":"dolor-por-el-fallecimiento-del-hijo-del-sindicalista-diego-altolaguirre","status":"publish","type":"post","link":"https:\/\/eldiariodesanpedro.com.ar\/sitio\/dolor-por-el-fallecimiento-del-hijo-del-sindicalista-diego-altolaguirre\/","title":{"rendered":"Dolor por el fallecimiento del hijo del sindicalista Diego Altolaguirre"},"content":{"rendered":"<!-- VideographyWP Plugin Message: Automatic video embedding prevented by plugin options. -->\n\n<p>Distintas entidades gremiales de todo el pa\u00eds expresaron un respetuoso apoyo a la familia del&nbsp;vicepresidente de la FEB. El ni\u00f1o ten\u00eda solo 4 a\u00f1os.&nbsp;<\/p>\n\n\n\n<p>Durante el atardecer del s\u00e1bado se conoci\u00f3 el deceso de Leandro, el hijo menor del docente sampedrino&nbsp;Diego Altolaguirre,&nbsp;vicepresidente de la Federaci\u00f3n de Educadores Bonaerenses, segundo de Mirta Petrocini en la provincia.&nbsp;El ni\u00f1o de tan solo 4 a\u00f1os padec\u00eda una grave enfermedad y falleci\u00f3 al a\u00f1o aproximadamente de haber sido diagnosticado.<\/p>\n\n\n\n<p>Todos, integran una querida familia sampedrina; Leandro, es nieto del reconocido artista pl\u00e1stico Edgardo \u00abYayo\u00bb Altolaguirre, quien tambi\u00e9n fue concejal, directivo&nbsp;de la Coopser&nbsp;e integrante de la Comisi\u00f3n de Fomento del barrio Villa Igoillo.&nbsp;<\/p>\n\n\n\n<p>UEB San pedro y la FEB hicieron p\u00fablico un sentido mensaje en apoyo a la familia Altolaguirre en este momento de profundo dolor.<\/p>\n\n\n\n<p>\u00abLa CD de Ueb San Pedro informa con mucho dolor el fallecimiento de Leandro Altolaguirre.<br>Acompa\u00f1amos a Diego, Ivana, Pedro y dem\u00e1s familiares en este momento tan triste para todos.<br>QEPD\u00bb.<\/p>\n\n\n\n<p>\u00abLa FEB acompa\u00f1a en este dif\u00edcil momento a su Vicepresidente Diego Altolaguirre, ante el fallecimiento de su hijo Leandro. En este duro momento que vivimos todos los integrantes de la instituci\u00f3n, acompa\u00f1amos a familiares y amigos\u00bb.&nbsp;<\/p>\n\n\n\n<p>Fuente: <a href=\"https:\/\/www.sanpedroinforma.com.ar\/nota\/124084\/sociedad\/dolor-por-el-fallecimiento-del-hijo-del-sindicalista-diego-altolaguirre.html\">San Pedro informa<\/a><\/p>\n","protected":false},"excerpt":{"rendered":"<p>Distintas entidades gremiales de todo el pa\u00eds expresaron un respetuoso apoyo a la familia del&nbsp;vicepresidente de la FEB. El ni\u00f1o ten\u00eda solo 4 a\u00f1os.&nbsp; Durante el atardecer del s\u00e1bado se conoci\u00f3 el deceso de Leandro, el hijo menor del docente sampedrino&nbsp;Diego Altolaguirre,&nbsp;vicepresidente de la Federaci\u00f3n de Educadores Bonaerenses, segundo de Mirta Petrocini en la provincia.&nbsp;El [&hellip;]<\/p>\n","protected":false},"author":4,"featured_media":89552,"comment_status":"open","ping_status":"closed","sticky":false,"template":"","format":"standard","meta":{"om_disable_all_campaigns":false,"_jetpack_memberships_contains_paid_content":false,"footnotes":""},"categories":[101,2],"tags":[],"class_list":["post-89551","post","type-post","status-publish","format-standard","has-post-thumbnail","hentry","category-interes-general-locales","category-locales"],"aioseo_notices":[],"gutentor_comment":0,"jetpack_featured_media_url":"https:\/\/eldiariodesanpedro.com.ar\/sitio\/wp-content\/uploads\/2021\/03\/000090592.jpg","jetpack_shortlink":"https:\/\/wp.me\/p6RhLt-nin","jetpack_sharing_enabled":true,"_links":{"self":[{"href":"https:\/\/eldiariodesanpedro.com.ar\/sitio\/wp-json\/wp\/v2\/posts\/89551","targetHints":{"allow":["GET"]}}],"collection":[{"href":"https:\/\/eldiariodesanpedro.com.ar\/sitio\/wp-json\/wp\/v2\/posts"}],"about":[{"href":"https:\/\/eldiariodesanpedro.com.ar\/sitio\/wp-json\/wp\/v2\/types\/post"}],"author":[{"embeddable":true,"href":"https:\/\/eldiariodesanpedro.com.ar\/sitio\/wp-json\/wp\/v2\/users\/4"}],"replies":[{"embeddable":true,"href":"https:\/\/eldiariodesanpedro.com.ar\/sitio\/wp-json\/wp\/v2\/comments?post=89551"}],"version-history":[{"count":1,"href":"https:\/\/eldiariodesanpedro.com.ar\/sitio\/wp-json\/wp\/v2\/posts\/89551\/revisions"}],"predecessor-version":[{"id":89553,"href":"https:\/\/eldiariodesanpedro.com.ar\/sitio\/wp-json\/wp\/v2\/posts\/89551\/revisions\/89553"}],"wp:featuredmedia":[{"embeddable":true,"href":"https:\/\/eldiariodesanpedro.com.ar\/sitio\/wp-json\/wp\/v2\/media\/89552"}],"wp:attachment":[{"href":"https:\/\/eldiariodesanpedro.com.ar\/sitio\/wp-json\/wp\/v2\/media?parent=89551"}],"wp:term":[{"taxonomy":"category","embeddable":true,"href":"https:\/\/eldiariodesanpedro.com.ar\/sitio\/wp-json\/wp\/v2\/categories?post=89551"},{"taxonomy":"post_tag","embeddable":true,"href":"https:\/\/eldiariodesanpedro.com.ar\/sitio\/wp-json\/wp\/v2\/tags?post=89551"}],"curies":[{"name":"wp","href":"https:\/\/api.w.org\/{rel}","templated":true}]}}