{"id":89544,"date":"2021-03-20T18:59:13","date_gmt":"2021-03-20T21:59:13","guid":{"rendered":"https:\/\/eldiariodesanpedro.com.ar\/sitio\/?p=89544"},"modified":"2021-03-20T18:59:17","modified_gmt":"2021-03-20T21:59:17","slug":"un-aprehendido-por-entrar-violentamente-a-un-domicilio-con-una-cuchilla","status":"publish","type":"post","link":"https:\/\/eldiariodesanpedro.com.ar\/sitio\/un-aprehendido-por-entrar-violentamente-a-un-domicilio-con-una-cuchilla\/","title":{"rendered":"Un aprehendido por entrar violentamente a un domicilio con una cuchilla"},"content":{"rendered":"<!-- VideographyWP Plugin Message: Automatic video embedding prevented by plugin options. -->\n\n<p>Anoche el personal en un r\u00e1pido accionar se hizo presente en calle Alvear al 1600 donde\u00a0 detienen a ciudadano de 37 a\u00f1os\u00a0 y secuestro arma blanca, tipo cuchilla quien momentos antes ingres\u00f3 por la fuerza en el interior domicilio donde la v\u00edctima es otro ciudadano de 38 que tambi\u00e9n portaba una cuchilla cuesti\u00f3n amenazando de muerte,\u00a0 adem\u00e1s ocasiona ruptura totalidad cristales de autom\u00f3vil propiedad del damnificado, quien radic\u00f3 la correspondiente denuncia.<\/p>\n","protected":false},"excerpt":{"rendered":"<p>Anoche el personal en un r\u00e1pido accionar se hizo presente en calle Alvear al 1600 donde\u00a0 detienen a ciudadano de 37 a\u00f1os\u00a0 y secuestro arma blanca, tipo cuchilla quien momentos antes ingres\u00f3 por la fuerza en el interior domicilio donde la v\u00edctima es otro ciudadano de 38 que tambi\u00e9n portaba una cuchilla cuesti\u00f3n amenazando de [&hellip;]<\/p>\n","protected":false},"author":4,"featured_media":66784,"comment_status":"open","ping_status":"closed","sticky":false,"template":"","format":"standard","meta":{"om_disable_all_campaigns":false,"_jetpack_memberships_contains_paid_content":false,"footnotes":""},"categories":[2,103],"tags":[],"class_list":["post-89544","post","type-post","status-publish","format-standard","has-post-thumbnail","hentry","category-locales","category-policiales-locales"],"aioseo_notices":[],"gutentor_comment":0,"jetpack_featured_media_url":"https:\/\/eldiariodesanpedro.com.ar\/sitio\/wp-content\/uploads\/2020\/01\/detenido-1.jpg","jetpack_shortlink":"https:\/\/wp.me\/p6RhLt-nig","jetpack_sharing_enabled":true,"_links":{"self":[{"href":"https:\/\/eldiariodesanpedro.com.ar\/sitio\/wp-json\/wp\/v2\/posts\/89544","targetHints":{"allow":["GET"]}}],"collection":[{"href":"https:\/\/eldiariodesanpedro.com.ar\/sitio\/wp-json\/wp\/v2\/posts"}],"about":[{"href":"https:\/\/eldiariodesanpedro.com.ar\/sitio\/wp-json\/wp\/v2\/types\/post"}],"author":[{"embeddable":true,"href":"https:\/\/eldiariodesanpedro.com.ar\/sitio\/wp-json\/wp\/v2\/users\/4"}],"replies":[{"embeddable":true,"href":"https:\/\/eldiariodesanpedro.com.ar\/sitio\/wp-json\/wp\/v2\/comments?post=89544"}],"version-history":[{"count":1,"href":"https:\/\/eldiariodesanpedro.com.ar\/sitio\/wp-json\/wp\/v2\/posts\/89544\/revisions"}],"predecessor-version":[{"id":89545,"href":"https:\/\/eldiariodesanpedro.com.ar\/sitio\/wp-json\/wp\/v2\/posts\/89544\/revisions\/89545"}],"wp:featuredmedia":[{"embeddable":true,"href":"https:\/\/eldiariodesanpedro.com.ar\/sitio\/wp-json\/wp\/v2\/media\/66784"}],"wp:attachment":[{"href":"https:\/\/eldiariodesanpedro.com.ar\/sitio\/wp-json\/wp\/v2\/media?parent=89544"}],"wp:term":[{"taxonomy":"category","embeddable":true,"href":"https:\/\/eldiariodesanpedro.com.ar\/sitio\/wp-json\/wp\/v2\/categories?post=89544"},{"taxonomy":"post_tag","embeddable":true,"href":"https:\/\/eldiariodesanpedro.com.ar\/sitio\/wp-json\/wp\/v2\/tags?post=89544"}],"curies":[{"name":"wp","href":"https:\/\/api.w.org\/{rel}","templated":true}]}}