{"id":89542,"date":"2021-03-20T18:55:31","date_gmt":"2021-03-20T21:55:31","guid":{"rendered":"https:\/\/eldiariodesanpedro.com.ar\/sitio\/?p=89542"},"modified":"2021-03-20T18:55:35","modified_gmt":"2021-03-20T21:55:35","slug":"joven-aprehendido-por-violar-restriccion-perimetral","status":"publish","type":"post","link":"https:\/\/eldiariodesanpedro.com.ar\/sitio\/joven-aprehendido-por-violar-restriccion-perimetral\/","title":{"rendered":"Joven aprehendido por violar restricci\u00f3n perimetral"},"content":{"rendered":"<!-- VideographyWP Plugin Message: Automatic video embedding prevented by plugin options. -->\n\n<p>Ayer el personal de la polic\u00eda perteneciente al Destacamento de Gobernador Castro se hizo presente en calle Lucio Mansilla S\/N donde aprehendi\u00f3 a un masculino de 27 a\u00f1os quien se encuentra incumpliendo medida cautelar dispuesta por Juzgado de Paz local a favor de ex pareja de 22 a\u00f1os.&nbsp;<\/p>\n\n\n\n<p>Tras la aprehensi\u00f3n la denunciante se hizo presente en la Comisar\u00eda de la Mujer y la Familia donde se recepciona declaraci\u00f3n y asiste v\u00edctima.<\/p>\n","protected":false},"excerpt":{"rendered":"<p>Ayer el personal de la polic\u00eda perteneciente al Destacamento de Gobernador Castro se hizo presente en calle Lucio Mansilla S\/N donde aprehendi\u00f3 a un masculino de 27 a\u00f1os quien se encuentra incumpliendo medida cautelar dispuesta por Juzgado de Paz local a favor de ex pareja de 22 a\u00f1os.&nbsp; Tras la aprehensi\u00f3n la denunciante se hizo [&hellip;]<\/p>\n","protected":false},"author":4,"featured_media":67079,"comment_status":"open","ping_status":"closed","sticky":false,"template":"","format":"standard","meta":{"om_disable_all_campaigns":false,"_jetpack_memberships_contains_paid_content":false,"footnotes":""},"categories":[2,103],"tags":[],"class_list":["post-89542","post","type-post","status-publish","format-standard","has-post-thumbnail","hentry","category-locales","category-policiales-locales"],"aioseo_notices":[],"gutentor_comment":0,"jetpack_featured_media_url":"https:\/\/eldiariodesanpedro.com.ar\/sitio\/wp-content\/uploads\/2020\/01\/menor-detenido3.jpg","jetpack_shortlink":"https:\/\/wp.me\/p6RhLt-nie","jetpack_sharing_enabled":true,"_links":{"self":[{"href":"https:\/\/eldiariodesanpedro.com.ar\/sitio\/wp-json\/wp\/v2\/posts\/89542","targetHints":{"allow":["GET"]}}],"collection":[{"href":"https:\/\/eldiariodesanpedro.com.ar\/sitio\/wp-json\/wp\/v2\/posts"}],"about":[{"href":"https:\/\/eldiariodesanpedro.com.ar\/sitio\/wp-json\/wp\/v2\/types\/post"}],"author":[{"embeddable":true,"href":"https:\/\/eldiariodesanpedro.com.ar\/sitio\/wp-json\/wp\/v2\/users\/4"}],"replies":[{"embeddable":true,"href":"https:\/\/eldiariodesanpedro.com.ar\/sitio\/wp-json\/wp\/v2\/comments?post=89542"}],"version-history":[{"count":1,"href":"https:\/\/eldiariodesanpedro.com.ar\/sitio\/wp-json\/wp\/v2\/posts\/89542\/revisions"}],"predecessor-version":[{"id":89543,"href":"https:\/\/eldiariodesanpedro.com.ar\/sitio\/wp-json\/wp\/v2\/posts\/89542\/revisions\/89543"}],"wp:featuredmedia":[{"embeddable":true,"href":"https:\/\/eldiariodesanpedro.com.ar\/sitio\/wp-json\/wp\/v2\/media\/67079"}],"wp:attachment":[{"href":"https:\/\/eldiariodesanpedro.com.ar\/sitio\/wp-json\/wp\/v2\/media?parent=89542"}],"wp:term":[{"taxonomy":"category","embeddable":true,"href":"https:\/\/eldiariodesanpedro.com.ar\/sitio\/wp-json\/wp\/v2\/categories?post=89542"},{"taxonomy":"post_tag","embeddable":true,"href":"https:\/\/eldiariodesanpedro.com.ar\/sitio\/wp-json\/wp\/v2\/tags?post=89542"}],"curies":[{"name":"wp","href":"https:\/\/api.w.org\/{rel}","templated":true}]}}