{"id":89540,"date":"2021-03-20T18:51:38","date_gmt":"2021-03-20T21:51:38","guid":{"rendered":"https:\/\/eldiariodesanpedro.com.ar\/sitio\/?p=89540"},"modified":"2021-03-20T18:51:42","modified_gmt":"2021-03-20T21:51:42","slug":"dos-aprehendido-con-marihuana-en-via-publica","status":"publish","type":"post","link":"https:\/\/eldiariodesanpedro.com.ar\/sitio\/dos-aprehendido-con-marihuana-en-via-publica\/","title":{"rendered":"Dos aprehendido con marihuana en v\u00eda p\u00fablica"},"content":{"rendered":"<!-- VideographyWP Plugin Message: Automatic video embedding prevented by plugin options. -->\n\n<p>Ayer el personal policial realiz\u00f3 dos procedimientos s\u00edmiles en distintos puntos de la ciudad, donde se traslad\u00f3 a dos masculinos mayores de edad, a quienes se les secuestr\u00f3 sustancia marihuana, \u00ednfimo pesaje. Se iniciaron actuaciones judiciales con intervenci\u00f3n de la fiscal\u00eda local.<\/p>\n","protected":false},"excerpt":{"rendered":"<p>Ayer el personal policial realiz\u00f3 dos procedimientos s\u00edmiles en distintos puntos de la ciudad, donde se traslad\u00f3 a dos masculinos mayores de edad, a quienes se les secuestr\u00f3 sustancia marihuana, \u00ednfimo pesaje. Se iniciaron actuaciones judiciales con intervenci\u00f3n de la fiscal\u00eda local.<\/p>\n","protected":false},"author":4,"featured_media":80172,"comment_status":"open","ping_status":"closed","sticky":false,"template":"","format":"standard","meta":{"om_disable_all_campaigns":false,"_jetpack_memberships_contains_paid_content":false,"footnotes":""},"categories":[2,103],"tags":[],"class_list":["post-89540","post","type-post","status-publish","format-standard","has-post-thumbnail","hentry","category-locales","category-policiales-locales"],"aioseo_notices":[],"gutentor_comment":0,"jetpack_featured_media_url":"https:\/\/eldiariodesanpedro.com.ar\/sitio\/wp-content\/uploads\/2020\/08\/lvp.lvp_.img_nv000592.jpg","jetpack_shortlink":"https:\/\/wp.me\/p6RhLt-nic","jetpack_sharing_enabled":true,"_links":{"self":[{"href":"https:\/\/eldiariodesanpedro.com.ar\/sitio\/wp-json\/wp\/v2\/posts\/89540","targetHints":{"allow":["GET"]}}],"collection":[{"href":"https:\/\/eldiariodesanpedro.com.ar\/sitio\/wp-json\/wp\/v2\/posts"}],"about":[{"href":"https:\/\/eldiariodesanpedro.com.ar\/sitio\/wp-json\/wp\/v2\/types\/post"}],"author":[{"embeddable":true,"href":"https:\/\/eldiariodesanpedro.com.ar\/sitio\/wp-json\/wp\/v2\/users\/4"}],"replies":[{"embeddable":true,"href":"https:\/\/eldiariodesanpedro.com.ar\/sitio\/wp-json\/wp\/v2\/comments?post=89540"}],"version-history":[{"count":1,"href":"https:\/\/eldiariodesanpedro.com.ar\/sitio\/wp-json\/wp\/v2\/posts\/89540\/revisions"}],"predecessor-version":[{"id":89541,"href":"https:\/\/eldiariodesanpedro.com.ar\/sitio\/wp-json\/wp\/v2\/posts\/89540\/revisions\/89541"}],"wp:featuredmedia":[{"embeddable":true,"href":"https:\/\/eldiariodesanpedro.com.ar\/sitio\/wp-json\/wp\/v2\/media\/80172"}],"wp:attachment":[{"href":"https:\/\/eldiariodesanpedro.com.ar\/sitio\/wp-json\/wp\/v2\/media?parent=89540"}],"wp:term":[{"taxonomy":"category","embeddable":true,"href":"https:\/\/eldiariodesanpedro.com.ar\/sitio\/wp-json\/wp\/v2\/categories?post=89540"},{"taxonomy":"post_tag","embeddable":true,"href":"https:\/\/eldiariodesanpedro.com.ar\/sitio\/wp-json\/wp\/v2\/tags?post=89540"}],"curies":[{"name":"wp","href":"https:\/\/api.w.org\/{rel}","templated":true}]}}