{"id":89535,"date":"2021-03-20T18:47:04","date_gmt":"2021-03-20T21:47:04","guid":{"rendered":"https:\/\/eldiariodesanpedro.com.ar\/sitio\/?p=89535"},"modified":"2021-03-20T18:47:09","modified_gmt":"2021-03-20T21:47:09","slug":"se-secuestro-el-automovil-con-el-que-huyo-el-ladron-de-tarjeta-fertil","status":"publish","type":"post","link":"https:\/\/eldiariodesanpedro.com.ar\/sitio\/se-secuestro-el-automovil-con-el-que-huyo-el-ladron-de-tarjeta-fertil\/","title":{"rendered":"Se secuestr\u00f3 el autom\u00f3vil con el que huyo el ladr\u00f3n de Tarjeta F\u00e9rtil"},"content":{"rendered":"<!-- VideographyWP Plugin Message: Automatic video embedding prevented by plugin options. -->\n\n<p>En la noche de ayer el personal policial del Gabinete Criminolkogico junto al GTO a cargo de Guillermo Turci&nbsp; tras invetigaciones encontraron en el interior cochera ubicada en calle Miguel Porta y Chacabuco, procedio al secuestro de autom\u00f3vil Nissan color negro el&nbsp; que se hallaba estacionado sin ocupantes y ocultado tras participar para consumar el hecho de robo calificado donde resulto damnificado la empresa Tarjeta F\u00e9rtil que fuera de publico conocimiento.&nbsp;<\/p>\n\n\n\n<p>En dicho autom\u00f3vil fugaron el autor material del hecho junto a otro que lo conduc\u00eda, en el marco de ese hecho ya se encuentra detenido un delincuente autor material&nbsp; cuando en la noche del mi\u00e9rcoles pasado cuando se le allanara su domicilio de Brenan al 800 y se le secuestraron los elementos probatorios tanto como dinero, arma de fuego, y prendas de vestir de una empresa de seguridad, todo como fruto de las tareas investigativas del personal del Gabinete Criminol\u00f3gico de la comisar\u00eda local.<\/p>\n\n\n\n<p>Ahora el autom\u00f3vil se encuentra a disposici\u00f3n judicial, a espera de resultados de las pericias que se le realicen.&nbsp;<\/p>\n\n\n\n<p>Se prosiguen las tareas investigativas a la espera de las resultancias judiciales, respecto de su actual tenedor y participe del hecho.\u00a0<\/p>\n\n\n\n<iframe data-src=\"https:\/\/www.facebook.com\/plugins\/video.php?height=476&#038;href=https%3A%2F%2Fwww.facebook.com%2Feldiario.desanpedro%2Fvideos%2F1426068101068328%2F&#038;show_text=false&#038;width=267\" width=\"267\" height=\"476\" style=\"border:none;overflow:hidden\" scrolling=\"no\" frameborder=\"0\" allowfullscreen=\"true\" allow=\"autoplay; clipboard-write; encrypted-media; picture-in-picture; web-share\" allowFullScreen=\"true\" src=\"data:image\/svg+xml;base64,PHN2ZyB3aWR0aD0iMSIgaGVpZ2h0PSIxIiB4bWxucz0iaHR0cDovL3d3dy53My5vcmcvMjAwMC9zdmciPjwvc3ZnPg==\" class=\"lazyload\" data-load-mode=\"1\"><\/iframe>\n\n\n\n<figure class=\"wp-block-image size-large\"><img decoding=\"async\" width=\"1024\" height=\"1005\" data-attachment-id=\"89538\" data-permalink=\"https:\/\/eldiariodesanpedro.com.ar\/sitio\/img-20210320-wa0041\/\" data-orig-file=\"https:\/\/eldiariodesanpedro.com.ar\/sitio\/wp-content\/uploads\/2021\/03\/IMG-20210320-WA0041.jpg\" data-orig-size=\"1280,1256\" data-comments-opened=\"1\" data-image-meta=\"{&quot;aperture&quot;:&quot;0&quot;,&quot;credit&quot;:&quot;&quot;,&quot;camera&quot;:&quot;&quot;,&quot;caption&quot;:&quot;&quot;,&quot;created_timestamp&quot;:&quot;0&quot;,&quot;copyright&quot;:&quot;&quot;,&quot;focal_length&quot;:&quot;0&quot;,&quot;iso&quot;:&quot;0&quot;,&quot;shutter_speed&quot;:&quot;0&quot;,&quot;title&quot;:&quot;&quot;,&quot;orientation&quot;:&quot;0&quot;}\" data-image-title=\"IMG-20210320-WA0041\" data-image-description=\"\" data-image-caption=\"\" data-large-file=\"https:\/\/eldiariodesanpedro.com.ar\/sitio\/wp-content\/uploads\/2021\/03\/IMG-20210320-WA0041-1024x1005.jpg\" data-src=\"https:\/\/eldiariodesanpedro.com.ar\/sitio\/wp-content\/uploads\/2021\/03\/IMG-20210320-WA0041-1024x1005.jpg\" alt=\"\" class=\"wp-image-89538 lazyload\" data-srcset=\"https:\/\/eldiariodesanpedro.com.ar\/sitio\/wp-content\/uploads\/2021\/03\/IMG-20210320-WA0041-1024x1005.jpg 1024w, https:\/\/eldiariodesanpedro.com.ar\/sitio\/wp-content\/uploads\/2021\/03\/IMG-20210320-WA0041-300x294.jpg 300w, https:\/\/eldiariodesanpedro.com.ar\/sitio\/wp-content\/uploads\/2021\/03\/IMG-20210320-WA0041-768x754.jpg 768w, https:\/\/eldiariodesanpedro.com.ar\/sitio\/wp-content\/uploads\/2021\/03\/IMG-20210320-WA0041.jpg 1280w\" data-sizes=\"(max-width: 1024px) 100vw, 1024px\" src=\"data:image\/svg+xml;base64,PHN2ZyB3aWR0aD0iMSIgaGVpZ2h0PSIxIiB4bWxucz0iaHR0cDovL3d3dy53My5vcmcvMjAwMC9zdmciPjwvc3ZnPg==\" style=\"--smush-placeholder-width: 1024px; --smush-placeholder-aspect-ratio: 1024\/1005;\" \/><\/figure>\n","protected":false},"excerpt":{"rendered":"<p>En la noche de ayer el personal policial del Gabinete Criminolkogico junto al GTO a cargo de Guillermo Turci&nbsp; tras invetigaciones encontraron en el interior cochera ubicada en calle Miguel Porta y Chacabuco, procedio al secuestro de autom\u00f3vil Nissan color negro el&nbsp; que se hallaba estacionado sin ocupantes y ocultado tras participar para consumar el [&hellip;]<\/p>\n","protected":false},"author":4,"featured_media":89537,"comment_status":"open","ping_status":"closed","sticky":false,"template":"","format":"standard","meta":{"om_disable_all_campaigns":false,"_jetpack_memberships_contains_paid_content":false,"footnotes":""},"categories":[2],"tags":[],"class_list":["post-89535","post","type-post","status-publish","format-standard","has-post-thumbnail","hentry","category-locales"],"aioseo_notices":[],"gutentor_comment":0,"jetpack_featured_media_url":"https:\/\/eldiariodesanpedro.com.ar\/sitio\/wp-content\/uploads\/2021\/03\/IMG-20210320-WA0040.jpg","jetpack_shortlink":"https:\/\/wp.me\/p6RhLt-ni7","jetpack_sharing_enabled":true,"_links":{"self":[{"href":"https:\/\/eldiariodesanpedro.com.ar\/sitio\/wp-json\/wp\/v2\/posts\/89535","targetHints":{"allow":["GET"]}}],"collection":[{"href":"https:\/\/eldiariodesanpedro.com.ar\/sitio\/wp-json\/wp\/v2\/posts"}],"about":[{"href":"https:\/\/eldiariodesanpedro.com.ar\/sitio\/wp-json\/wp\/v2\/types\/post"}],"author":[{"embeddable":true,"href":"https:\/\/eldiariodesanpedro.com.ar\/sitio\/wp-json\/wp\/v2\/users\/4"}],"replies":[{"embeddable":true,"href":"https:\/\/eldiariodesanpedro.com.ar\/sitio\/wp-json\/wp\/v2\/comments?post=89535"}],"version-history":[{"count":1,"href":"https:\/\/eldiariodesanpedro.com.ar\/sitio\/wp-json\/wp\/v2\/posts\/89535\/revisions"}],"predecessor-version":[{"id":89539,"href":"https:\/\/eldiariodesanpedro.com.ar\/sitio\/wp-json\/wp\/v2\/posts\/89535\/revisions\/89539"}],"wp:featuredmedia":[{"embeddable":true,"href":"https:\/\/eldiariodesanpedro.com.ar\/sitio\/wp-json\/wp\/v2\/media\/89537"}],"wp:attachment":[{"href":"https:\/\/eldiariodesanpedro.com.ar\/sitio\/wp-json\/wp\/v2\/media?parent=89535"}],"wp:term":[{"taxonomy":"category","embeddable":true,"href":"https:\/\/eldiariodesanpedro.com.ar\/sitio\/wp-json\/wp\/v2\/categories?post=89535"},{"taxonomy":"post_tag","embeddable":true,"href":"https:\/\/eldiariodesanpedro.com.ar\/sitio\/wp-json\/wp\/v2\/tags?post=89535"}],"curies":[{"name":"wp","href":"https:\/\/api.w.org\/{rel}","templated":true}]}}