{"id":89520,"date":"2021-03-19T18:19:44","date_gmt":"2021-03-19T21:19:44","guid":{"rendered":"https:\/\/eldiariodesanpedro.com.ar\/sitio\/?p=89520"},"modified":"2021-03-19T18:20:13","modified_gmt":"2021-03-19T21:20:13","slug":"san-nicolas-policia-vial-secuestro-2-305-pastillas-de-extasis-en-un-operativo-sobre-ruta-9","status":"publish","type":"post","link":"https:\/\/eldiariodesanpedro.com.ar\/sitio\/san-nicolas-policia-vial-secuestro-2-305-pastillas-de-extasis-en-un-operativo-sobre-ruta-9\/","title":{"rendered":"SAN NICOL\u00c1S | Polic\u00eda Vial secuestr\u00f3 2.305 pastillas de \u00e9xtasis en un operativo sobre ruta 9"},"content":{"rendered":"<!-- VideographyWP Plugin Message: Automatic video embedding prevented by plugin options. -->\n\n<p>El 17 de marzo, en horas de la tarde, personal a las \u00f3rdenes del Jefe del Destacamento Vial San Nicol\u00e1s, el Subcomisario Marcelo Sassano, en un operativo supervisado por el Comisario Mayor, Carlos Nicol\u00e1s, Jefe de la zona Operativa Vial III San Nicol\u00e1s, proceden a interceptar en el kil\u00f3metro 231 de la Ruta Nacional N\u00ba9, con direcci\u00f3n a Rosario, un veh\u00edculo marca Peugeot modelo 408, color blanco, dominio LZQ-322, conducido por Santiago Nicol\u00e1s Vi\u00f1a, de 23 a\u00f1os, domiciliado en Lan\u00fas, quien iba acompa\u00f1ado por Lucas Demian Ballerini, de 22 a\u00f1os, con direcci\u00f3n en la ciudad de Buenos Aires.<\/p>\n\n\n\n<p>Durante el accionar policial, el conductor del veh\u00edculo da muestras de una marcada agresividad, momento en el cual arroja un paquete con un envoltorio negro. Luego de ser reducido por los efectivos, al igual que su acompa\u00f1ante, y ante la presencia de testigos, se incauta el paquete mencionado en el cual se encuentran 991 pastillas de color rosado claro.<\/p>\n\n\n\n<p>Al revisar el veh\u00edculo, la polic\u00eda descubre otros dos paquetes conteniendo 1004 pastillas amarillas y 310 pastillas de color rosa, respectivamente, dando un total de 2305 pastillas, que seg\u00fan an\u00e1lisis posteriores resultaron ser de \u00e9xtasis.<\/p>\n\n\n\n<p>Durante la requisa de los detenidos se hallaron 13,9 gramos de \u00e9xtasis en polvo, 1,4 gramos de picadura de marihuana, dinero en efectivo y tel\u00e9fonos celulares. Adem\u00e1s se incaut\u00f3 una prensa hidr\u00e1ulica el\u00e9ctrica utilizada para la extracci\u00f3n de resina de las plantas de cannabis.<\/p>\n\n\n\n<p>Luego del hecho, el juez federal Villafuerte Russo orden\u00f3 tres allanamientos en los domicilios de los involucrados arrojando resultados negativos en todos los casos.<\/p>\n\n\n\n<p>Sobre los aprehendidos pesan las car\u00e1tulas de detenci\u00f3n por infracci\u00f3n a la Ley 27.737 (art\u00edculo 5 \u2013 inciso C) que pena el transporte y la comercializaci\u00f3n de estupefacientes; y la infracci\u00f3n al art\u00edculo 239 del C\u00f3digo Penal, por Atentado y Resistencia a la Autoridad.<\/p>\n\n\n\n<p>Fuente: Diario El informante<\/p>\n\n\n\n<div class=\"wp-block-image\"><figure class=\"aligncenter size-large\"><img decoding=\"async\" width=\"1024\" height=\"336\" data-attachment-id=\"89526\" data-permalink=\"https:\/\/eldiariodesanpedro.com.ar\/sitio\/san-nicolas-policia-vial-secuestro-2-305-pastillas-de-extasis-en-un-operativo-sobre-ruta-9\/whatsapp-image-2021-03-19-at-17-02-23\/\" data-orig-file=\"https:\/\/eldiariodesanpedro.com.ar\/sitio\/wp-content\/uploads\/2021\/03\/WhatsApp-Image-2021-03-19-at-17.02.23.jpeg\" data-orig-size=\"1024,336\" data-comments-opened=\"1\" data-image-meta=\"{&quot;aperture&quot;:&quot;0&quot;,&quot;credit&quot;:&quot;&quot;,&quot;camera&quot;:&quot;&quot;,&quot;caption&quot;:&quot;&quot;,&quot;created_timestamp&quot;:&quot;0&quot;,&quot;copyright&quot;:&quot;&quot;,&quot;focal_length&quot;:&quot;0&quot;,&quot;iso&quot;:&quot;0&quot;,&quot;shutter_speed&quot;:&quot;0&quot;,&quot;title&quot;:&quot;&quot;,&quot;orientation&quot;:&quot;0&quot;}\" data-image-title=\"WhatsApp Image 2021-03-19 at 17.02.23\" data-image-description=\"\" data-image-caption=\"\" data-large-file=\"https:\/\/eldiariodesanpedro.com.ar\/sitio\/wp-content\/uploads\/2021\/03\/WhatsApp-Image-2021-03-19-at-17.02.23.jpeg\" data-src=\"https:\/\/eldiariodesanpedro.com.ar\/sitio\/wp-content\/uploads\/2021\/03\/WhatsApp-Image-2021-03-19-at-17.02.23.jpeg\" alt=\"\" class=\"wp-image-89526 lazyload\" data-srcset=\"https:\/\/eldiariodesanpedro.com.ar\/sitio\/wp-content\/uploads\/2021\/03\/WhatsApp-Image-2021-03-19-at-17.02.23.jpeg 1024w, https:\/\/eldiariodesanpedro.com.ar\/sitio\/wp-content\/uploads\/2021\/03\/WhatsApp-Image-2021-03-19-at-17.02.23-300x98.jpeg 300w, https:\/\/eldiariodesanpedro.com.ar\/sitio\/wp-content\/uploads\/2021\/03\/WhatsApp-Image-2021-03-19-at-17.02.23-768x252.jpeg 768w\" data-sizes=\"(max-width: 1024px) 100vw, 1024px\" src=\"data:image\/svg+xml;base64,PHN2ZyB3aWR0aD0iMSIgaGVpZ2h0PSIxIiB4bWxucz0iaHR0cDovL3d3dy53My5vcmcvMjAwMC9zdmciPjwvc3ZnPg==\" style=\"--smush-placeholder-width: 1024px; --smush-placeholder-aspect-ratio: 1024\/336;\" \/><\/figure><\/div>\n\n\n\n<div class=\"wp-block-image\"><figure class=\"aligncenter size-large\"><img decoding=\"async\" width=\"768\" height=\"1024\" data-attachment-id=\"89525\" data-permalink=\"https:\/\/eldiariodesanpedro.com.ar\/sitio\/san-nicolas-policia-vial-secuestro-2-305-pastillas-de-extasis-en-un-operativo-sobre-ruta-9\/whatsapp-image-2021-03-19-at-17-02-23-1\/\" data-orig-file=\"https:\/\/eldiariodesanpedro.com.ar\/sitio\/wp-content\/uploads\/2021\/03\/WhatsApp-Image-2021-03-19-at-17.02.23-1.jpeg\" data-orig-size=\"768,1024\" data-comments-opened=\"1\" data-image-meta=\"{&quot;aperture&quot;:&quot;0&quot;,&quot;credit&quot;:&quot;&quot;,&quot;camera&quot;:&quot;&quot;,&quot;caption&quot;:&quot;&quot;,&quot;created_timestamp&quot;:&quot;0&quot;,&quot;copyright&quot;:&quot;&quot;,&quot;focal_length&quot;:&quot;0&quot;,&quot;iso&quot;:&quot;0&quot;,&quot;shutter_speed&quot;:&quot;0&quot;,&quot;title&quot;:&quot;&quot;,&quot;orientation&quot;:&quot;0&quot;}\" data-image-title=\"WhatsApp Image 2021-03-19 at 17.02.23 (1)\" data-image-description=\"\" data-image-caption=\"\" data-large-file=\"https:\/\/eldiariodesanpedro.com.ar\/sitio\/wp-content\/uploads\/2021\/03\/WhatsApp-Image-2021-03-19-at-17.02.23-1.jpeg\" data-src=\"https:\/\/eldiariodesanpedro.com.ar\/sitio\/wp-content\/uploads\/2021\/03\/WhatsApp-Image-2021-03-19-at-17.02.23-1.jpeg\" alt=\"\" class=\"wp-image-89525 lazyload\" data-srcset=\"https:\/\/eldiariodesanpedro.com.ar\/sitio\/wp-content\/uploads\/2021\/03\/WhatsApp-Image-2021-03-19-at-17.02.23-1.jpeg 768w, https:\/\/eldiariodesanpedro.com.ar\/sitio\/wp-content\/uploads\/2021\/03\/WhatsApp-Image-2021-03-19-at-17.02.23-1-225x300.jpeg 225w\" data-sizes=\"(max-width: 768px) 100vw, 768px\" src=\"data:image\/svg+xml;base64,PHN2ZyB3aWR0aD0iMSIgaGVpZ2h0PSIxIiB4bWxucz0iaHR0cDovL3d3dy53My5vcmcvMjAwMC9zdmciPjwvc3ZnPg==\" style=\"--smush-placeholder-width: 768px; --smush-placeholder-aspect-ratio: 768\/1024;\" \/><\/figure><\/div>\n\n\n\n<div class=\"wp-block-image\"><figure class=\"aligncenter size-large\"><img decoding=\"async\" width=\"631\" height=\"1024\" data-attachment-id=\"89522\" data-permalink=\"https:\/\/eldiariodesanpedro.com.ar\/sitio\/san-nicolas-policia-vial-secuestro-2-305-pastillas-de-extasis-en-un-operativo-sobre-ruta-9\/whatsapp-image-2021-03-19-at-17-02-21\/\" data-orig-file=\"https:\/\/eldiariodesanpedro.com.ar\/sitio\/wp-content\/uploads\/2021\/03\/WhatsApp-Image-2021-03-19-at-17.02.21.jpeg\" data-orig-size=\"631,1024\" data-comments-opened=\"1\" data-image-meta=\"{&quot;aperture&quot;:&quot;0&quot;,&quot;credit&quot;:&quot;&quot;,&quot;camera&quot;:&quot;&quot;,&quot;caption&quot;:&quot;&quot;,&quot;created_timestamp&quot;:&quot;0&quot;,&quot;copyright&quot;:&quot;&quot;,&quot;focal_length&quot;:&quot;0&quot;,&quot;iso&quot;:&quot;0&quot;,&quot;shutter_speed&quot;:&quot;0&quot;,&quot;title&quot;:&quot;&quot;,&quot;orientation&quot;:&quot;0&quot;}\" data-image-title=\"WhatsApp Image 2021-03-19 at 17.02.21\" data-image-description=\"\" data-image-caption=\"\" data-large-file=\"https:\/\/eldiariodesanpedro.com.ar\/sitio\/wp-content\/uploads\/2021\/03\/WhatsApp-Image-2021-03-19-at-17.02.21.jpeg\" data-src=\"https:\/\/eldiariodesanpedro.com.ar\/sitio\/wp-content\/uploads\/2021\/03\/WhatsApp-Image-2021-03-19-at-17.02.21.jpeg\" alt=\"\" class=\"wp-image-89522 lazyload\" data-srcset=\"https:\/\/eldiariodesanpedro.com.ar\/sitio\/wp-content\/uploads\/2021\/03\/WhatsApp-Image-2021-03-19-at-17.02.21.jpeg 631w, https:\/\/eldiariodesanpedro.com.ar\/sitio\/wp-content\/uploads\/2021\/03\/WhatsApp-Image-2021-03-19-at-17.02.21-185x300.jpeg 185w\" data-sizes=\"(max-width: 631px) 100vw, 631px\" src=\"data:image\/svg+xml;base64,PHN2ZyB3aWR0aD0iMSIgaGVpZ2h0PSIxIiB4bWxucz0iaHR0cDovL3d3dy53My5vcmcvMjAwMC9zdmciPjwvc3ZnPg==\" style=\"--smush-placeholder-width: 631px; --smush-placeholder-aspect-ratio: 631\/1024;\" \/><\/figure><\/div>\n\n\n\n<iframe data-src=\"https:\/\/www.facebook.com\/plugins\/video.php?height=308&#038;href=https%3A%2F%2Fwww.facebook.com%2Feldiario.desanpedro%2Fvideos%2F1301792306869755%2F&#038;show_text=false&#038;width=560\" width=\"560\" height=\"308\" style=\"border:none;overflow:hidden\" scrolling=\"no\" frameborder=\"0\" allowfullscreen=\"true\" allow=\"autoplay; clipboard-write; encrypted-media; picture-in-picture; web-share\" allowFullScreen=\"true\" src=\"data:image\/svg+xml;base64,PHN2ZyB3aWR0aD0iMSIgaGVpZ2h0PSIxIiB4bWxucz0iaHR0cDovL3d3dy53My5vcmcvMjAwMC9zdmciPjwvc3ZnPg==\" class=\"lazyload\" data-load-mode=\"1\"><\/iframe>\n","protected":false},"excerpt":{"rendered":"<p>El 17 de marzo, en horas de la tarde, personal a las \u00f3rdenes del Jefe del Destacamento Vial San Nicol\u00e1s, el Subcomisario Marcelo Sassano, en un operativo supervisado por el Comisario Mayor, Carlos Nicol\u00e1s, Jefe de la zona Operativa Vial III San Nicol\u00e1s, proceden a interceptar en el kil\u00f3metro 231 de la Ruta Nacional N\u00ba9, [&hellip;]<\/p>\n","protected":false},"author":4,"featured_media":89523,"comment_status":"open","ping_status":"closed","sticky":false,"template":"","format":"standard","meta":{"om_disable_all_campaigns":false,"_jetpack_memberships_contains_paid_content":false,"footnotes":""},"categories":[621],"tags":[],"class_list":["post-89520","post","type-post","status-publish","format-standard","has-post-thumbnail","hentry","category-regionales"],"aioseo_notices":[],"gutentor_comment":0,"jetpack_featured_media_url":"https:\/\/eldiariodesanpedro.com.ar\/sitio\/wp-content\/uploads\/2021\/03\/WhatsApp-Image-2021-03-19-at-17.02.22-1.jpeg","jetpack_shortlink":"https:\/\/wp.me\/p6RhLt-nhS","jetpack_sharing_enabled":true,"_links":{"self":[{"href":"https:\/\/eldiariodesanpedro.com.ar\/sitio\/wp-json\/wp\/v2\/posts\/89520","targetHints":{"allow":["GET"]}}],"collection":[{"href":"https:\/\/eldiariodesanpedro.com.ar\/sitio\/wp-json\/wp\/v2\/posts"}],"about":[{"href":"https:\/\/eldiariodesanpedro.com.ar\/sitio\/wp-json\/wp\/v2\/types\/post"}],"author":[{"embeddable":true,"href":"https:\/\/eldiariodesanpedro.com.ar\/sitio\/wp-json\/wp\/v2\/users\/4"}],"replies":[{"embeddable":true,"href":"https:\/\/eldiariodesanpedro.com.ar\/sitio\/wp-json\/wp\/v2\/comments?post=89520"}],"version-history":[{"count":2,"href":"https:\/\/eldiariodesanpedro.com.ar\/sitio\/wp-json\/wp\/v2\/posts\/89520\/revisions"}],"predecessor-version":[{"id":89528,"href":"https:\/\/eldiariodesanpedro.com.ar\/sitio\/wp-json\/wp\/v2\/posts\/89520\/revisions\/89528"}],"wp:featuredmedia":[{"embeddable":true,"href":"https:\/\/eldiariodesanpedro.com.ar\/sitio\/wp-json\/wp\/v2\/media\/89523"}],"wp:attachment":[{"href":"https:\/\/eldiariodesanpedro.com.ar\/sitio\/wp-json\/wp\/v2\/media?parent=89520"}],"wp:term":[{"taxonomy":"category","embeddable":true,"href":"https:\/\/eldiariodesanpedro.com.ar\/sitio\/wp-json\/wp\/v2\/categories?post=89520"},{"taxonomy":"post_tag","embeddable":true,"href":"https:\/\/eldiariodesanpedro.com.ar\/sitio\/wp-json\/wp\/v2\/tags?post=89520"}],"curies":[{"name":"wp","href":"https:\/\/api.w.org\/{rel}","templated":true}]}}