{"id":8951,"date":"2016-10-18T19:23:25","date_gmt":"2016-10-18T22:23:25","guid":{"rendered":"https:\/\/eldiariodesanpedro.com.ar\/sitio\/?p=8951"},"modified":"2016-10-18T19:23:25","modified_gmt":"2016-10-18T22:23:25","slug":"321-familias-firmaran-y-recibiran-sus-escrituras-este-jueves","status":"publish","type":"post","link":"https:\/\/eldiariodesanpedro.com.ar\/sitio\/321-familias-firmaran-y-recibiran-sus-escrituras-este-jueves\/","title":{"rendered":"321 familias firmaran y recibir\u00e1n sus escrituras este jueves"},"content":{"rendered":"<p><!-- VideographyWP Plugin Message: Automatic video embedding prevented by plugin options. --><br \/>\nCon el objetivo de seguir regularizando la situaci\u00f3n dominial de la vivienda que habita cada ciudadano Bonaerense, este jueves en el partido de San Pedro se llevar\u00e1 a cabo un acto de firmas y entregas de escrituras.<\/p>\n<p>El evento que se desarrollar\u00e1 a las 12.30 horas Club Atl\u00e9tico Mitre ubicado en la calle Salta  N \u00ba 966, contar\u00e1 con la presencia de 321 familias que podr\u00e1n obtener la seguridad jur\u00eddica de su vivienda gracias al plan de escrituraci\u00f3n social que implementa la Gobernadora Mar\u00eda Eugenia Vidal en toda la Provincia.<\/p>\n<p>Es importante decir que de todos los beneficiaros, 183 podr\u00e1n rubricar sus t\u00edtulos de propiedad, y los 138 restantes obtendr\u00e1n su tan deseado testimonio. Todos estos tr\u00e1mites se gestionaron de forma gratuita mediante el trabajo que realiza el Municipio y la Escriban\u00eda General de Gobierno.<\/p>\n<p>De la ceremonia participar\u00e1 el intendente Cecilio Zalazar quien estar\u00e1 acompa\u00f1ado por las escribanas Paola Rodr\u00edguez y Karina Felicetti.<\/p>\n","protected":false},"excerpt":{"rendered":"<p>Con el objetivo de seguir regularizando la situaci\u00f3n dominial de la vivienda que habita cada ciudadano Bonaerense, este jueves en el partido de San Pedro se llevar\u00e1 a cabo un acto de firmas y entregas de escrituras. El evento que se desarrollar\u00e1 a las 12.30 horas Club Atl\u00e9tico Mitre ubicado en la calle Salta N [&hellip;]<\/p>\n","protected":false},"author":4,"featured_media":8952,"comment_status":"open","ping_status":"closed","sticky":false,"template":"","format":"standard","meta":{"om_disable_all_campaigns":false,"_jetpack_memberships_contains_paid_content":false,"footnotes":""},"categories":[101,2],"tags":[],"class_list":["post-8951","post","type-post","status-publish","format-standard","has-post-thumbnail","hentry","category-interes-general-locales","category-locales"],"aioseo_notices":[],"gutentor_comment":0,"jetpack_featured_media_url":"https:\/\/eldiariodesanpedro.com.ar\/sitio\/wp-content\/uploads\/2016\/10\/escrituras-mahiques-gral-rodriguez-21.jpg","jetpack_shortlink":"https:\/\/wp.me\/p6RhLt-2kn","jetpack_sharing_enabled":true,"_links":{"self":[{"href":"https:\/\/eldiariodesanpedro.com.ar\/sitio\/wp-json\/wp\/v2\/posts\/8951","targetHints":{"allow":["GET"]}}],"collection":[{"href":"https:\/\/eldiariodesanpedro.com.ar\/sitio\/wp-json\/wp\/v2\/posts"}],"about":[{"href":"https:\/\/eldiariodesanpedro.com.ar\/sitio\/wp-json\/wp\/v2\/types\/post"}],"author":[{"embeddable":true,"href":"https:\/\/eldiariodesanpedro.com.ar\/sitio\/wp-json\/wp\/v2\/users\/4"}],"replies":[{"embeddable":true,"href":"https:\/\/eldiariodesanpedro.com.ar\/sitio\/wp-json\/wp\/v2\/comments?post=8951"}],"version-history":[{"count":1,"href":"https:\/\/eldiariodesanpedro.com.ar\/sitio\/wp-json\/wp\/v2\/posts\/8951\/revisions"}],"predecessor-version":[{"id":8953,"href":"https:\/\/eldiariodesanpedro.com.ar\/sitio\/wp-json\/wp\/v2\/posts\/8951\/revisions\/8953"}],"wp:featuredmedia":[{"embeddable":true,"href":"https:\/\/eldiariodesanpedro.com.ar\/sitio\/wp-json\/wp\/v2\/media\/8952"}],"wp:attachment":[{"href":"https:\/\/eldiariodesanpedro.com.ar\/sitio\/wp-json\/wp\/v2\/media?parent=8951"}],"wp:term":[{"taxonomy":"category","embeddable":true,"href":"https:\/\/eldiariodesanpedro.com.ar\/sitio\/wp-json\/wp\/v2\/categories?post=8951"},{"taxonomy":"post_tag","embeddable":true,"href":"https:\/\/eldiariodesanpedro.com.ar\/sitio\/wp-json\/wp\/v2\/tags?post=8951"}],"curies":[{"name":"wp","href":"https:\/\/api.w.org\/{rel}","templated":true}]}}