{"id":89509,"date":"2021-03-19T12:36:32","date_gmt":"2021-03-19T15:36:32","guid":{"rendered":"https:\/\/eldiariodesanpedro.com.ar\/sitio\/?p=89509"},"modified":"2021-03-19T12:36:37","modified_gmt":"2021-03-19T15:36:37","slug":"se-secuestraron-6-motocicletas-en-operativos","status":"publish","type":"post","link":"https:\/\/eldiariodesanpedro.com.ar\/sitio\/se-secuestraron-6-motocicletas-en-operativos\/","title":{"rendered":"Se secuestraron 6 motocicletas en operativos"},"content":{"rendered":"<!-- VideographyWP Plugin Message: Automatic video embedding prevented by plugin options. -->\n\n<p>En la ma\u00f1ana y mediod\u00eda de ayer personal policial realiz\u00f3 distintos operativos sobre la avenida 3 de febrero, juntamente con personal de inspecci\u00f3n municipal, secuestrando 6 motocicletas que circulaban sin la documentaci\u00f3n reglamentaria. <\/p>\n\n\n\n<p>Interviniendo juzgado de faltas local<\/p>\n","protected":false},"excerpt":{"rendered":"<p>En la ma\u00f1ana y mediod\u00eda de ayer personal policial realiz\u00f3 distintos operativos sobre la avenida 3 de febrero, juntamente con personal de inspecci\u00f3n municipal, secuestrando 6 motocicletas que circulaban sin la documentaci\u00f3n reglamentaria. Interviniendo juzgado de faltas local<\/p>\n","protected":false},"author":4,"featured_media":82147,"comment_status":"open","ping_status":"closed","sticky":false,"template":"","format":"standard","meta":{"om_disable_all_campaigns":false,"_jetpack_memberships_contains_paid_content":false,"footnotes":""},"categories":[2,103],"tags":[],"class_list":["post-89509","post","type-post","status-publish","format-standard","has-post-thumbnail","hentry","category-locales","category-policiales-locales"],"aioseo_notices":[],"gutentor_comment":0,"jetpack_featured_media_url":"https:\/\/eldiariodesanpedro.com.ar\/sitio\/wp-content\/uploads\/2020\/10\/4-3.jpeg","jetpack_shortlink":"https:\/\/wp.me\/p6RhLt-nhH","jetpack_sharing_enabled":true,"_links":{"self":[{"href":"https:\/\/eldiariodesanpedro.com.ar\/sitio\/wp-json\/wp\/v2\/posts\/89509","targetHints":{"allow":["GET"]}}],"collection":[{"href":"https:\/\/eldiariodesanpedro.com.ar\/sitio\/wp-json\/wp\/v2\/posts"}],"about":[{"href":"https:\/\/eldiariodesanpedro.com.ar\/sitio\/wp-json\/wp\/v2\/types\/post"}],"author":[{"embeddable":true,"href":"https:\/\/eldiariodesanpedro.com.ar\/sitio\/wp-json\/wp\/v2\/users\/4"}],"replies":[{"embeddable":true,"href":"https:\/\/eldiariodesanpedro.com.ar\/sitio\/wp-json\/wp\/v2\/comments?post=89509"}],"version-history":[{"count":1,"href":"https:\/\/eldiariodesanpedro.com.ar\/sitio\/wp-json\/wp\/v2\/posts\/89509\/revisions"}],"predecessor-version":[{"id":89510,"href":"https:\/\/eldiariodesanpedro.com.ar\/sitio\/wp-json\/wp\/v2\/posts\/89509\/revisions\/89510"}],"wp:featuredmedia":[{"embeddable":true,"href":"https:\/\/eldiariodesanpedro.com.ar\/sitio\/wp-json\/wp\/v2\/media\/82147"}],"wp:attachment":[{"href":"https:\/\/eldiariodesanpedro.com.ar\/sitio\/wp-json\/wp\/v2\/media?parent=89509"}],"wp:term":[{"taxonomy":"category","embeddable":true,"href":"https:\/\/eldiariodesanpedro.com.ar\/sitio\/wp-json\/wp\/v2\/categories?post=89509"},{"taxonomy":"post_tag","embeddable":true,"href":"https:\/\/eldiariodesanpedro.com.ar\/sitio\/wp-json\/wp\/v2\/tags?post=89509"}],"curies":[{"name":"wp","href":"https:\/\/api.w.org\/{rel}","templated":true}]}}