{"id":89507,"date":"2021-03-19T12:28:57","date_gmt":"2021-03-19T15:28:57","guid":{"rendered":"https:\/\/eldiariodesanpedro.com.ar\/sitio\/?p=89507"},"modified":"2021-03-19T12:29:02","modified_gmt":"2021-03-19T15:29:02","slug":"otro-violento-trato-de-atacar-a-su-ex-pareja-y-fue-aprehendido-por-la-policia","status":"publish","type":"post","link":"https:\/\/eldiariodesanpedro.com.ar\/sitio\/otro-violento-trato-de-atacar-a-su-ex-pareja-y-fue-aprehendido-por-la-policia\/","title":{"rendered":"Otro violento trat\u00f3 de atacar a su ex pareja y fue aprehendido por la polic\u00eda"},"content":{"rendered":"<!-- VideographyWP Plugin Message: Automatic video embedding prevented by plugin options. -->\n\n<p>Este jueves por la noche se tuvo que hacer presente un m\u00f3vil policial en calle San Mart\u00edn al 1200, donde lograron aprehender a masculino de 37 a\u00f1os, quien momentos antes amenaz\u00f3 a su ex pareja una mujer de 32 a\u00f1os de edad.<\/p>\n\n\n\n<p>La v\u00edctima fue asistida por los efectivos en un primer lugar y se constat\u00f3 que no pose\u00eda lesiones.<\/p>\n\n\n\n<p>La mujer fue trasladada hasta la Comisaria de la Mujer y la Familia, donde recibi\u00f3 la debida contenci\u00f3n y asesoramiento para realizar la denuncia.<\/p>\n\n\n\n<p>El aprehendido permanece en sede policial. UFI 07 local.<\/p>\n","protected":false},"excerpt":{"rendered":"<p>Este jueves por la noche se tuvo que hacer presente un m\u00f3vil policial en calle San Mart\u00edn al 1200, donde lograron aprehender a masculino de 37 a\u00f1os, quien momentos antes amenaz\u00f3 a su ex pareja una mujer de 32 a\u00f1os de edad. La v\u00edctima fue asistida por los efectivos en un primer lugar y se [&hellip;]<\/p>\n","protected":false},"author":4,"featured_media":80098,"comment_status":"open","ping_status":"closed","sticky":false,"template":"","format":"standard","meta":{"om_disable_all_campaigns":false,"_jetpack_memberships_contains_paid_content":false,"footnotes":""},"categories":[2,103],"tags":[],"class_list":["post-89507","post","type-post","status-publish","format-standard","has-post-thumbnail","hentry","category-locales","category-policiales-locales"],"aioseo_notices":[],"gutentor_comment":0,"jetpack_featured_media_url":"https:\/\/eldiariodesanpedro.com.ar\/sitio\/wp-content\/uploads\/2020\/08\/la-comisaria-de-la-mujer___w9ngJVkEw_640x361__1.jpg","jetpack_shortlink":"https:\/\/wp.me\/p6RhLt-nhF","jetpack_sharing_enabled":true,"_links":{"self":[{"href":"https:\/\/eldiariodesanpedro.com.ar\/sitio\/wp-json\/wp\/v2\/posts\/89507","targetHints":{"allow":["GET"]}}],"collection":[{"href":"https:\/\/eldiariodesanpedro.com.ar\/sitio\/wp-json\/wp\/v2\/posts"}],"about":[{"href":"https:\/\/eldiariodesanpedro.com.ar\/sitio\/wp-json\/wp\/v2\/types\/post"}],"author":[{"embeddable":true,"href":"https:\/\/eldiariodesanpedro.com.ar\/sitio\/wp-json\/wp\/v2\/users\/4"}],"replies":[{"embeddable":true,"href":"https:\/\/eldiariodesanpedro.com.ar\/sitio\/wp-json\/wp\/v2\/comments?post=89507"}],"version-history":[{"count":1,"href":"https:\/\/eldiariodesanpedro.com.ar\/sitio\/wp-json\/wp\/v2\/posts\/89507\/revisions"}],"predecessor-version":[{"id":89508,"href":"https:\/\/eldiariodesanpedro.com.ar\/sitio\/wp-json\/wp\/v2\/posts\/89507\/revisions\/89508"}],"wp:featuredmedia":[{"embeddable":true,"href":"https:\/\/eldiariodesanpedro.com.ar\/sitio\/wp-json\/wp\/v2\/media\/80098"}],"wp:attachment":[{"href":"https:\/\/eldiariodesanpedro.com.ar\/sitio\/wp-json\/wp\/v2\/media?parent=89507"}],"wp:term":[{"taxonomy":"category","embeddable":true,"href":"https:\/\/eldiariodesanpedro.com.ar\/sitio\/wp-json\/wp\/v2\/categories?post=89507"},{"taxonomy":"post_tag","embeddable":true,"href":"https:\/\/eldiariodesanpedro.com.ar\/sitio\/wp-json\/wp\/v2\/tags?post=89507"}],"curies":[{"name":"wp","href":"https:\/\/api.w.org\/{rel}","templated":true}]}}