{"id":89504,"date":"2021-03-19T12:21:11","date_gmt":"2021-03-19T15:21:11","guid":{"rendered":"https:\/\/eldiariodesanpedro.com.ar\/sitio\/?p=89504"},"modified":"2021-03-19T12:21:15","modified_gmt":"2021-03-19T15:21:15","slug":"dos-aprehendidos-con-marihuana-de-infimo-pesaje","status":"publish","type":"post","link":"https:\/\/eldiariodesanpedro.com.ar\/sitio\/dos-aprehendidos-con-marihuana-de-infimo-pesaje\/","title":{"rendered":"Dos aprehendidos con marihuana de \u00ednfimo pesaje"},"content":{"rendered":"<!-- VideographyWP Plugin Message: Automatic video embedding prevented by plugin options. -->\n\n<p>Este jueves en dos procedimientos similares en distintos puntos de la ciudad, se traslad\u00f3 a sede policial a dos masculinos mayores de edad, a quienes se le secuestr\u00f3 sustancia ilegal marihuana, \u00ednfimo pesaje por lo que se les labraron causa judicial con intervenci\u00f3n justicia local.<\/p>\n\n\n\n<p>Ambas personas fueron trasladas a la comisar\u00eda local donde se les inform\u00f3 de la violacion a la Ley 23737 y luego fueron puestos en libertad.<\/p>\n","protected":false},"excerpt":{"rendered":"<p>Este jueves en dos procedimientos similares en distintos puntos de la ciudad, se traslad\u00f3 a sede policial a dos masculinos mayores de edad, a quienes se le secuestr\u00f3 sustancia ilegal marihuana, \u00ednfimo pesaje por lo que se les labraron causa judicial con intervenci\u00f3n justicia local. Ambas personas fueron trasladas a la comisar\u00eda local donde se [&hellip;]<\/p>\n","protected":false},"author":4,"featured_media":66784,"comment_status":"open","ping_status":"closed","sticky":false,"template":"","format":"standard","meta":{"om_disable_all_campaigns":false,"_jetpack_memberships_contains_paid_content":false,"footnotes":""},"categories":[2,103],"tags":[],"class_list":["post-89504","post","type-post","status-publish","format-standard","has-post-thumbnail","hentry","category-locales","category-policiales-locales"],"aioseo_notices":[],"gutentor_comment":0,"jetpack_featured_media_url":"https:\/\/eldiariodesanpedro.com.ar\/sitio\/wp-content\/uploads\/2020\/01\/detenido-1.jpg","jetpack_shortlink":"https:\/\/wp.me\/p6RhLt-nhC","jetpack_sharing_enabled":true,"_links":{"self":[{"href":"https:\/\/eldiariodesanpedro.com.ar\/sitio\/wp-json\/wp\/v2\/posts\/89504","targetHints":{"allow":["GET"]}}],"collection":[{"href":"https:\/\/eldiariodesanpedro.com.ar\/sitio\/wp-json\/wp\/v2\/posts"}],"about":[{"href":"https:\/\/eldiariodesanpedro.com.ar\/sitio\/wp-json\/wp\/v2\/types\/post"}],"author":[{"embeddable":true,"href":"https:\/\/eldiariodesanpedro.com.ar\/sitio\/wp-json\/wp\/v2\/users\/4"}],"replies":[{"embeddable":true,"href":"https:\/\/eldiariodesanpedro.com.ar\/sitio\/wp-json\/wp\/v2\/comments?post=89504"}],"version-history":[{"count":1,"href":"https:\/\/eldiariodesanpedro.com.ar\/sitio\/wp-json\/wp\/v2\/posts\/89504\/revisions"}],"predecessor-version":[{"id":89505,"href":"https:\/\/eldiariodesanpedro.com.ar\/sitio\/wp-json\/wp\/v2\/posts\/89504\/revisions\/89505"}],"wp:featuredmedia":[{"embeddable":true,"href":"https:\/\/eldiariodesanpedro.com.ar\/sitio\/wp-json\/wp\/v2\/media\/66784"}],"wp:attachment":[{"href":"https:\/\/eldiariodesanpedro.com.ar\/sitio\/wp-json\/wp\/v2\/media?parent=89504"}],"wp:term":[{"taxonomy":"category","embeddable":true,"href":"https:\/\/eldiariodesanpedro.com.ar\/sitio\/wp-json\/wp\/v2\/categories?post=89504"},{"taxonomy":"post_tag","embeddable":true,"href":"https:\/\/eldiariodesanpedro.com.ar\/sitio\/wp-json\/wp\/v2\/tags?post=89504"}],"curies":[{"name":"wp","href":"https:\/\/api.w.org\/{rel}","templated":true}]}}