{"id":89502,"date":"2021-03-19T12:13:31","date_gmt":"2021-03-19T15:13:31","guid":{"rendered":"https:\/\/eldiariodesanpedro.com.ar\/sitio\/?p=89502"},"modified":"2021-03-19T12:13:36","modified_gmt":"2021-03-19T15:13:36","slug":"dejo-su-moto-con-la-llave-puesta-y-se-la-robaron","status":"publish","type":"post","link":"https:\/\/eldiariodesanpedro.com.ar\/sitio\/dejo-su-moto-con-la-llave-puesta-y-se-la-robaron\/","title":{"rendered":"Dejo su moto con la llave puesta y se la robaron"},"content":{"rendered":"<!-- VideographyWP Plugin Message: Automatic video embedding prevented by plugin options. -->\n\n<p>Este jueves en horas de la ma\u00f1ana una mujer dej\u00f3 estacionada su motocicleta fuera de un comercio y se la robaron.<\/p>\n\n\n\n<p>El hecho sucedi\u00f3 alrededor de las 11:30 hs en calle Chivilcoy al 1800 donde una mujer de 57 a\u00f1os dej\u00f3 estacionada la motocicleta en la v\u00eda p\u00fablica con la llave puesta cuando ingresaba a un comercio de rubro forrajeria ubicado en el lugar, al momento de retirarse se da cuenta que la misma hab\u00eda sido sustra\u00edda.<\/p>\n\n\n\n<p>realiz\u00f3 la correspondiente denuncia y la polic\u00eda investiga el hecho a cargo de la UFI 7.<\/p>\n","protected":false},"excerpt":{"rendered":"<p>Este jueves en horas de la ma\u00f1ana una mujer dej\u00f3 estacionada su motocicleta fuera de un comercio y se la robaron. El hecho sucedi\u00f3 alrededor de las 11:30 hs en calle Chivilcoy al 1800 donde una mujer de 57 a\u00f1os dej\u00f3 estacionada la motocicleta en la v\u00eda p\u00fablica con la llave puesta cuando ingresaba a [&hellip;]<\/p>\n","protected":false},"author":4,"featured_media":76092,"comment_status":"open","ping_status":"closed","sticky":false,"template":"","format":"standard","meta":{"om_disable_all_campaigns":false,"_jetpack_memberships_contains_paid_content":false,"footnotes":""},"categories":[2,103],"tags":[],"class_list":["post-89502","post","type-post","status-publish","format-standard","has-post-thumbnail","hentry","category-locales","category-policiales-locales"],"aioseo_notices":[],"gutentor_comment":0,"jetpack_featured_media_url":"https:\/\/eldiariodesanpedro.com.ar\/sitio\/wp-content\/uploads\/2020\/06\/baliza-patrullero-policia_658x400.jpg","jetpack_shortlink":"https:\/\/wp.me\/p6RhLt-nhA","jetpack_sharing_enabled":true,"_links":{"self":[{"href":"https:\/\/eldiariodesanpedro.com.ar\/sitio\/wp-json\/wp\/v2\/posts\/89502","targetHints":{"allow":["GET"]}}],"collection":[{"href":"https:\/\/eldiariodesanpedro.com.ar\/sitio\/wp-json\/wp\/v2\/posts"}],"about":[{"href":"https:\/\/eldiariodesanpedro.com.ar\/sitio\/wp-json\/wp\/v2\/types\/post"}],"author":[{"embeddable":true,"href":"https:\/\/eldiariodesanpedro.com.ar\/sitio\/wp-json\/wp\/v2\/users\/4"}],"replies":[{"embeddable":true,"href":"https:\/\/eldiariodesanpedro.com.ar\/sitio\/wp-json\/wp\/v2\/comments?post=89502"}],"version-history":[{"count":1,"href":"https:\/\/eldiariodesanpedro.com.ar\/sitio\/wp-json\/wp\/v2\/posts\/89502\/revisions"}],"predecessor-version":[{"id":89503,"href":"https:\/\/eldiariodesanpedro.com.ar\/sitio\/wp-json\/wp\/v2\/posts\/89502\/revisions\/89503"}],"wp:featuredmedia":[{"embeddable":true,"href":"https:\/\/eldiariodesanpedro.com.ar\/sitio\/wp-json\/wp\/v2\/media\/76092"}],"wp:attachment":[{"href":"https:\/\/eldiariodesanpedro.com.ar\/sitio\/wp-json\/wp\/v2\/media?parent=89502"}],"wp:term":[{"taxonomy":"category","embeddable":true,"href":"https:\/\/eldiariodesanpedro.com.ar\/sitio\/wp-json\/wp\/v2\/categories?post=89502"},{"taxonomy":"post_tag","embeddable":true,"href":"https:\/\/eldiariodesanpedro.com.ar\/sitio\/wp-json\/wp\/v2\/tags?post=89502"}],"curies":[{"name":"wp","href":"https:\/\/api.w.org\/{rel}","templated":true}]}}