{"id":89496,"date":"2021-03-19T12:04:54","date_gmt":"2021-03-19T15:04:54","guid":{"rendered":"https:\/\/eldiariodesanpedro.com.ar\/sitio\/?p=89496"},"modified":"2021-03-19T12:04:58","modified_gmt":"2021-03-19T15:04:58","slug":"zarate-detenido-por-una-causa-por-abuso-sexual-gravemente-ultrajante","status":"publish","type":"post","link":"https:\/\/eldiariodesanpedro.com.ar\/sitio\/zarate-detenido-por-una-causa-por-abuso-sexual-gravemente-ultrajante\/","title":{"rendered":"Z\u00c1RATE | Detenido por una causa por \u00ababuso sexual gravemente ultrajante\u00bb"},"content":{"rendered":"<!-- VideographyWP Plugin Message: Automatic video embedding prevented by plugin options. -->\n\n<p>El personal del Gabinete Criminol\u00f3gico de la Comisar\u00eda 1ra de Campana detuvo este jueves a un hombre de 48 a\u00f1os imputado en una causa caratulada como \u00ababuso sexual gravemente ultrajante, en concurso real\u00bb, orden emitida por el Tribunal Oral Criminal N\u00b0 2.<\/p>\n\n\n\n<p>El procedimiento se dio sobre Colectora Sur y calle 6 de Julio mientras el acusado circulaba en su Ford Falcon; de esta manera qued\u00f3 a disposici\u00f3n de la justicia para el cumplimiento de la pena.<\/p>\n\n\n\n<p>Fuente: <a href=\"http:\/\/www.enlacecritico.com\/destacados\/estaba-imputado-en-una-causa-por-abuso-sexual-gravemente-ultrajante-y-hoy-lo-detuvieron\/\">Enlace Critico<\/a><\/p>\n\n\n\n<figure class=\"wp-block-image size-large\"><img decoding=\"async\" width=\"576\" height=\"1024\" data-attachment-id=\"89498\" data-permalink=\"https:\/\/eldiariodesanpedro.com.ar\/sitio\/zarate-detenido-por-una-causa-por-abuso-sexual-gravemente-ultrajante\/detenido-3-5\/\" data-orig-file=\"https:\/\/eldiariodesanpedro.com.ar\/sitio\/wp-content\/uploads\/2021\/03\/Detenido-3.png\" data-orig-size=\"720,1280\" data-comments-opened=\"1\" data-image-meta=\"{&quot;aperture&quot;:&quot;0&quot;,&quot;credit&quot;:&quot;&quot;,&quot;camera&quot;:&quot;&quot;,&quot;caption&quot;:&quot;&quot;,&quot;created_timestamp&quot;:&quot;0&quot;,&quot;copyright&quot;:&quot;&quot;,&quot;focal_length&quot;:&quot;0&quot;,&quot;iso&quot;:&quot;0&quot;,&quot;shutter_speed&quot;:&quot;0&quot;,&quot;title&quot;:&quot;&quot;,&quot;orientation&quot;:&quot;0&quot;}\" data-image-title=\"Detenido-3\" data-image-description=\"\" data-image-caption=\"\" data-large-file=\"https:\/\/eldiariodesanpedro.com.ar\/sitio\/wp-content\/uploads\/2021\/03\/Detenido-3-576x1024.png\" data-src=\"https:\/\/eldiariodesanpedro.com.ar\/sitio\/wp-content\/uploads\/2021\/03\/Detenido-3-576x1024.png\" alt=\"\" class=\"wp-image-89498 lazyload\" data-srcset=\"https:\/\/eldiariodesanpedro.com.ar\/sitio\/wp-content\/uploads\/2021\/03\/Detenido-3-576x1024.png 576w, https:\/\/eldiariodesanpedro.com.ar\/sitio\/wp-content\/uploads\/2021\/03\/Detenido-3-169x300.png 169w, https:\/\/eldiariodesanpedro.com.ar\/sitio\/wp-content\/uploads\/2021\/03\/Detenido-3.png 720w\" data-sizes=\"(max-width: 576px) 100vw, 576px\" src=\"data:image\/svg+xml;base64,PHN2ZyB3aWR0aD0iMSIgaGVpZ2h0PSIxIiB4bWxucz0iaHR0cDovL3d3dy53My5vcmcvMjAwMC9zdmciPjwvc3ZnPg==\" style=\"--smush-placeholder-width: 576px; --smush-placeholder-aspect-ratio: 576\/1024;\" \/><\/figure>\n","protected":false},"excerpt":{"rendered":"<p>El personal del Gabinete Criminol\u00f3gico de la Comisar\u00eda 1ra de Campana detuvo este jueves a un hombre de 48 a\u00f1os imputado en una causa caratulada como \u00ababuso sexual gravemente ultrajante, en concurso real\u00bb, orden emitida por el Tribunal Oral Criminal N\u00b0 2. El procedimiento se dio sobre Colectora Sur y calle 6 de Julio mientras [&hellip;]<\/p>\n","protected":false},"author":4,"featured_media":89497,"comment_status":"open","ping_status":"closed","sticky":false,"template":"","format":"standard","meta":{"om_disable_all_campaigns":false,"_jetpack_memberships_contains_paid_content":false,"footnotes":""},"categories":[621],"tags":[],"class_list":["post-89496","post","type-post","status-publish","format-standard","has-post-thumbnail","hentry","category-regionales"],"aioseo_notices":[],"gutentor_comment":0,"jetpack_featured_media_url":"https:\/\/eldiariodesanpedro.com.ar\/sitio\/wp-content\/uploads\/2021\/03\/Detenido-3-2.png","jetpack_shortlink":"https:\/\/wp.me\/p6RhLt-nhu","jetpack_sharing_enabled":true,"_links":{"self":[{"href":"https:\/\/eldiariodesanpedro.com.ar\/sitio\/wp-json\/wp\/v2\/posts\/89496","targetHints":{"allow":["GET"]}}],"collection":[{"href":"https:\/\/eldiariodesanpedro.com.ar\/sitio\/wp-json\/wp\/v2\/posts"}],"about":[{"href":"https:\/\/eldiariodesanpedro.com.ar\/sitio\/wp-json\/wp\/v2\/types\/post"}],"author":[{"embeddable":true,"href":"https:\/\/eldiariodesanpedro.com.ar\/sitio\/wp-json\/wp\/v2\/users\/4"}],"replies":[{"embeddable":true,"href":"https:\/\/eldiariodesanpedro.com.ar\/sitio\/wp-json\/wp\/v2\/comments?post=89496"}],"version-history":[{"count":1,"href":"https:\/\/eldiariodesanpedro.com.ar\/sitio\/wp-json\/wp\/v2\/posts\/89496\/revisions"}],"predecessor-version":[{"id":89499,"href":"https:\/\/eldiariodesanpedro.com.ar\/sitio\/wp-json\/wp\/v2\/posts\/89496\/revisions\/89499"}],"wp:featuredmedia":[{"embeddable":true,"href":"https:\/\/eldiariodesanpedro.com.ar\/sitio\/wp-json\/wp\/v2\/media\/89497"}],"wp:attachment":[{"href":"https:\/\/eldiariodesanpedro.com.ar\/sitio\/wp-json\/wp\/v2\/media?parent=89496"}],"wp:term":[{"taxonomy":"category","embeddable":true,"href":"https:\/\/eldiariodesanpedro.com.ar\/sitio\/wp-json\/wp\/v2\/categories?post=89496"},{"taxonomy":"post_tag","embeddable":true,"href":"https:\/\/eldiariodesanpedro.com.ar\/sitio\/wp-json\/wp\/v2\/tags?post=89496"}],"curies":[{"name":"wp","href":"https:\/\/api.w.org\/{rel}","templated":true}]}}