{"id":89493,"date":"2021-03-19T10:57:10","date_gmt":"2021-03-19T13:57:10","guid":{"rendered":"https:\/\/eldiariodesanpedro.com.ar\/sitio\/?p=89493"},"modified":"2021-03-19T10:57:15","modified_gmt":"2021-03-19T13:57:15","slug":"baradero-el-municipio-realizo-el-pago-del-tomografo-que-recibira-el-hospital-municipal","status":"publish","type":"post","link":"https:\/\/eldiariodesanpedro.com.ar\/sitio\/baradero-el-municipio-realizo-el-pago-del-tomografo-que-recibira-el-hospital-municipal\/","title":{"rendered":"BARADERO | El municipio realiz\u00f3 el pago del tom\u00f3grafo que recibir\u00e1 el Hospital Municipal"},"content":{"rendered":"<!-- VideographyWP Plugin Message: Automatic video embedding prevented by plugin options. -->\n\n<p>El Municipio de Baradero concret\u00f3 el pago del tom\u00f3grafo que adquirir\u00e1 el Hospital Municipal \u201cDr. Lino Pi\u00f1eiro\u201d. El monto del mismo es de m\u00e1s de 12 millones de pesos.&nbsp;<\/p>\n\n\n\n<p><strong><em>\u201cEn aproximadamente 90 d\u00edas tendremos en Baradero un tom\u00f3grafo nuevo en el hospital para reforzar la salud p\u00fablica\u201d<\/em><\/strong>&nbsp;hab\u00eda expresado el intendente&nbsp;<strong>Esteban Sanzio<\/strong>&nbsp;en su discurso de apertura de sesiones ordinarias 2021. &nbsp;<\/p>\n\n\n\n<p>Cabe recordar que el 24 de febrero arribaron al hospital \u201cDr. Lino Pi\u00f1eiro\u201d los profesionales de la empresa que colocar\u00e1 el nuevo tom\u00f3grafo para ultimar los detalles t\u00e9cnicos de su instalaci\u00f3n. &nbsp;<\/p>\n\n\n\n<p>Este tom\u00f3grafo es un insumo internacional, se trata de un sistema de Tomograf\u00eda Computada Multicorte, marca General Electric.&nbsp;<\/p>\n","protected":false},"excerpt":{"rendered":"<p>El Municipio de Baradero concret\u00f3 el pago del tom\u00f3grafo que adquirir\u00e1 el Hospital Municipal \u201cDr. Lino Pi\u00f1eiro\u201d. El monto del mismo es de m\u00e1s de 12 millones de pesos.&nbsp; \u201cEn aproximadamente 90 d\u00edas tendremos en Baradero un tom\u00f3grafo nuevo en el hospital para reforzar la salud p\u00fablica\u201d&nbsp;hab\u00eda expresado el intendente&nbsp;Esteban Sanzio&nbsp;en su discurso de apertura [&hellip;]<\/p>\n","protected":false},"author":4,"featured_media":89494,"comment_status":"open","ping_status":"closed","sticky":false,"template":"","format":"standard","meta":{"om_disable_all_campaigns":false,"_jetpack_memberships_contains_paid_content":false,"footnotes":""},"categories":[621],"tags":[],"class_list":["post-89493","post","type-post","status-publish","format-standard","has-post-thumbnail","hentry","category-regionales"],"aioseo_notices":[],"gutentor_comment":0,"jetpack_featured_media_url":"https:\/\/eldiariodesanpedro.com.ar\/sitio\/wp-content\/uploads\/2021\/03\/DSC_0387.jpg","jetpack_shortlink":"https:\/\/wp.me\/p6RhLt-nhr","jetpack_sharing_enabled":true,"_links":{"self":[{"href":"https:\/\/eldiariodesanpedro.com.ar\/sitio\/wp-json\/wp\/v2\/posts\/89493","targetHints":{"allow":["GET"]}}],"collection":[{"href":"https:\/\/eldiariodesanpedro.com.ar\/sitio\/wp-json\/wp\/v2\/posts"}],"about":[{"href":"https:\/\/eldiariodesanpedro.com.ar\/sitio\/wp-json\/wp\/v2\/types\/post"}],"author":[{"embeddable":true,"href":"https:\/\/eldiariodesanpedro.com.ar\/sitio\/wp-json\/wp\/v2\/users\/4"}],"replies":[{"embeddable":true,"href":"https:\/\/eldiariodesanpedro.com.ar\/sitio\/wp-json\/wp\/v2\/comments?post=89493"}],"version-history":[{"count":1,"href":"https:\/\/eldiariodesanpedro.com.ar\/sitio\/wp-json\/wp\/v2\/posts\/89493\/revisions"}],"predecessor-version":[{"id":89495,"href":"https:\/\/eldiariodesanpedro.com.ar\/sitio\/wp-json\/wp\/v2\/posts\/89493\/revisions\/89495"}],"wp:featuredmedia":[{"embeddable":true,"href":"https:\/\/eldiariodesanpedro.com.ar\/sitio\/wp-json\/wp\/v2\/media\/89494"}],"wp:attachment":[{"href":"https:\/\/eldiariodesanpedro.com.ar\/sitio\/wp-json\/wp\/v2\/media?parent=89493"}],"wp:term":[{"taxonomy":"category","embeddable":true,"href":"https:\/\/eldiariodesanpedro.com.ar\/sitio\/wp-json\/wp\/v2\/categories?post=89493"},{"taxonomy":"post_tag","embeddable":true,"href":"https:\/\/eldiariodesanpedro.com.ar\/sitio\/wp-json\/wp\/v2\/tags?post=89493"}],"curies":[{"name":"wp","href":"https:\/\/api.w.org\/{rel}","templated":true}]}}