{"id":89490,"date":"2021-03-19T10:53:40","date_gmt":"2021-03-19T13:53:40","guid":{"rendered":"https:\/\/eldiariodesanpedro.com.ar\/sitio\/?p=89490"},"modified":"2021-03-19T10:53:45","modified_gmt":"2021-03-19T13:53:45","slug":"baradero-le-pidio-que-lo-lleve-unas-cuadras-y-en-el-camino-le-robo","status":"publish","type":"post","link":"https:\/\/eldiariodesanpedro.com.ar\/sitio\/baradero-le-pidio-que-lo-lleve-unas-cuadras-y-en-el-camino-le-robo\/","title":{"rendered":"BARADERO | Le pidi\u00f3 que lo lleve unas cuadras y en el camino le robo"},"content":{"rendered":"<!-- VideographyWP Plugin Message: Automatic video embedding prevented by plugin options. -->\n\n<p>El hecho ocurri\u00f3 ayer por la noche cuando Tom\u00e1s Mazzarella se encontraba en la Plaza Col\u00f3n con sus amigos y una persona se acerca a preguntarle si \u201cpod\u00eda alcanzarlo unas cuadras\u201d en su motocicleta.<\/p>\n\n\n\n<p>En el camino la persona saca un arma, hasta el momento desconociendo si se trata de una de fuego o blanca, le apunta a Tom\u00e1s para asaltarle su mochila con pertenencias y la motocicleta de la que iban a bordo.<\/p>\n\n\n\n<p>Afortunadamente, el delincuente fue detenido y se pudieron recuperar las pertenencias robadas.<\/p>\n\n\n\n<p>Jorge es el padre de Tom\u00e1s y cont\u00f3 que su hijo tiene una cicatriz en la costilla producto del robo.<\/p>\n\n\n\n<p>\u201cMi hijo se encuentra mal emocionalmente. Tiene miedo de volver a la Plaza por temor de cruzarselo\u201d.<\/p>\n\n\n\n<p>Fuente: <a href=\"https:\/\/tulineadirecta.com\/le-pidio-que-lo-lleve-unas-cuadras-y-en-el-camino-le-robo\/\">Tu Linea Directa<\/a><\/p>\n","protected":false},"excerpt":{"rendered":"<p>El hecho ocurri\u00f3 ayer por la noche cuando Tom\u00e1s Mazzarella se encontraba en la Plaza Col\u00f3n con sus amigos y una persona se acerca a preguntarle si \u201cpod\u00eda alcanzarlo unas cuadras\u201d en su motocicleta. En el camino la persona saca un arma, hasta el momento desconociendo si se trata de una de fuego o blanca, [&hellip;]<\/p>\n","protected":false},"author":4,"featured_media":89491,"comment_status":"open","ping_status":"closed","sticky":false,"template":"","format":"standard","meta":{"om_disable_all_campaigns":false,"_jetpack_memberships_contains_paid_content":false,"footnotes":""},"categories":[621],"tags":[],"class_list":["post-89490","post","type-post","status-publish","format-standard","has-post-thumbnail","hentry","category-regionales"],"aioseo_notices":[],"gutentor_comment":0,"jetpack_featured_media_url":"https:\/\/eldiariodesanpedro.com.ar\/sitio\/wp-content\/uploads\/2021\/03\/policia.jpg","jetpack_shortlink":"https:\/\/wp.me\/p6RhLt-nho","jetpack_sharing_enabled":true,"_links":{"self":[{"href":"https:\/\/eldiariodesanpedro.com.ar\/sitio\/wp-json\/wp\/v2\/posts\/89490","targetHints":{"allow":["GET"]}}],"collection":[{"href":"https:\/\/eldiariodesanpedro.com.ar\/sitio\/wp-json\/wp\/v2\/posts"}],"about":[{"href":"https:\/\/eldiariodesanpedro.com.ar\/sitio\/wp-json\/wp\/v2\/types\/post"}],"author":[{"embeddable":true,"href":"https:\/\/eldiariodesanpedro.com.ar\/sitio\/wp-json\/wp\/v2\/users\/4"}],"replies":[{"embeddable":true,"href":"https:\/\/eldiariodesanpedro.com.ar\/sitio\/wp-json\/wp\/v2\/comments?post=89490"}],"version-history":[{"count":1,"href":"https:\/\/eldiariodesanpedro.com.ar\/sitio\/wp-json\/wp\/v2\/posts\/89490\/revisions"}],"predecessor-version":[{"id":89492,"href":"https:\/\/eldiariodesanpedro.com.ar\/sitio\/wp-json\/wp\/v2\/posts\/89490\/revisions\/89492"}],"wp:featuredmedia":[{"embeddable":true,"href":"https:\/\/eldiariodesanpedro.com.ar\/sitio\/wp-json\/wp\/v2\/media\/89491"}],"wp:attachment":[{"href":"https:\/\/eldiariodesanpedro.com.ar\/sitio\/wp-json\/wp\/v2\/media?parent=89490"}],"wp:term":[{"taxonomy":"category","embeddable":true,"href":"https:\/\/eldiariodesanpedro.com.ar\/sitio\/wp-json\/wp\/v2\/categories?post=89490"},{"taxonomy":"post_tag","embeddable":true,"href":"https:\/\/eldiariodesanpedro.com.ar\/sitio\/wp-json\/wp\/v2\/tags?post=89490"}],"curies":[{"name":"wp","href":"https:\/\/api.w.org\/{rel}","templated":true}]}}