{"id":8949,"date":"2016-10-18T19:16:59","date_gmt":"2016-10-18T22:16:59","guid":{"rendered":"https:\/\/eldiariodesanpedro.com.ar\/sitio\/?p=8949"},"modified":"2016-10-18T19:16:59","modified_gmt":"2016-10-18T22:16:59","slug":"para-recibir-a-axel-trabajos-en-el-paseo-publico","status":"publish","type":"post","link":"https:\/\/eldiariodesanpedro.com.ar\/sitio\/para-recibir-a-axel-trabajos-en-el-paseo-publico\/","title":{"rendered":"Para recibir a Axel, trabajos en el Paseo P\u00fablico"},"content":{"rendered":"<p><!-- VideographyWP Plugin Message: Automatic video embedding prevented by plugin options. --><br \/>\nEl domingo ser\u00e1 el d\u00eda en el que el reconocido artista act\u00fae en San Pedro por lo que actores de diferentes \u00e1reas municipales trabajan en el Paseo P\u00fablico municipal para que se encuentre en condiciones de recibir a las miles de personas que ya anunciaron su asistencia.<br \/>\nDel evento participar\u00e1n la banda sampedrina \u201cExtra\u00f1o Ser\u201d y el tecladista Alejandro \u00c1lvarez. <\/p>\n","protected":false},"excerpt":{"rendered":"<p>El domingo ser\u00e1 el d\u00eda en el que el reconocido artista act\u00fae en San Pedro por lo que actores de diferentes \u00e1reas municipales trabajan en el Paseo P\u00fablico municipal para que se encuentre en condiciones de recibir a las miles de personas que ya anunciaron su asistencia. Del evento participar\u00e1n la banda sampedrina \u201cExtra\u00f1o Ser\u201d [&hellip;]<\/p>\n","protected":false},"author":4,"featured_media":8758,"comment_status":"open","ping_status":"closed","sticky":false,"template":"","format":"standard","meta":{"om_disable_all_campaigns":false,"_jetpack_memberships_contains_paid_content":false,"footnotes":""},"categories":[101,2],"tags":[],"class_list":["post-8949","post","type-post","status-publish","format-standard","has-post-thumbnail","hentry","category-interes-general-locales","category-locales"],"aioseo_notices":[],"gutentor_comment":0,"jetpack_featured_media_url":"https:\/\/eldiariodesanpedro.com.ar\/sitio\/wp-content\/uploads\/2016\/10\/WhatsApp-Image-2016-10-12-at-14.42.39.jpeg","jetpack_shortlink":"https:\/\/wp.me\/p6RhLt-2kl","jetpack_sharing_enabled":true,"_links":{"self":[{"href":"https:\/\/eldiariodesanpedro.com.ar\/sitio\/wp-json\/wp\/v2\/posts\/8949","targetHints":{"allow":["GET"]}}],"collection":[{"href":"https:\/\/eldiariodesanpedro.com.ar\/sitio\/wp-json\/wp\/v2\/posts"}],"about":[{"href":"https:\/\/eldiariodesanpedro.com.ar\/sitio\/wp-json\/wp\/v2\/types\/post"}],"author":[{"embeddable":true,"href":"https:\/\/eldiariodesanpedro.com.ar\/sitio\/wp-json\/wp\/v2\/users\/4"}],"replies":[{"embeddable":true,"href":"https:\/\/eldiariodesanpedro.com.ar\/sitio\/wp-json\/wp\/v2\/comments?post=8949"}],"version-history":[{"count":1,"href":"https:\/\/eldiariodesanpedro.com.ar\/sitio\/wp-json\/wp\/v2\/posts\/8949\/revisions"}],"predecessor-version":[{"id":8950,"href":"https:\/\/eldiariodesanpedro.com.ar\/sitio\/wp-json\/wp\/v2\/posts\/8949\/revisions\/8950"}],"wp:featuredmedia":[{"embeddable":true,"href":"https:\/\/eldiariodesanpedro.com.ar\/sitio\/wp-json\/wp\/v2\/media\/8758"}],"wp:attachment":[{"href":"https:\/\/eldiariodesanpedro.com.ar\/sitio\/wp-json\/wp\/v2\/media?parent=8949"}],"wp:term":[{"taxonomy":"category","embeddable":true,"href":"https:\/\/eldiariodesanpedro.com.ar\/sitio\/wp-json\/wp\/v2\/categories?post=8949"},{"taxonomy":"post_tag","embeddable":true,"href":"https:\/\/eldiariodesanpedro.com.ar\/sitio\/wp-json\/wp\/v2\/tags?post=8949"}],"curies":[{"name":"wp","href":"https:\/\/api.w.org\/{rel}","templated":true}]}}