{"id":89487,"date":"2021-03-19T10:49:41","date_gmt":"2021-03-19T13:49:41","guid":{"rendered":"https:\/\/eldiariodesanpedro.com.ar\/sitio\/?p=89487"},"modified":"2021-03-19T10:49:46","modified_gmt":"2021-03-19T13:49:46","slug":"baradero-este-fin-de-semana-controles-mas-estrictos-en-locales-nocturnos","status":"publish","type":"post","link":"https:\/\/eldiariodesanpedro.com.ar\/sitio\/baradero-este-fin-de-semana-controles-mas-estrictos-en-locales-nocturnos\/","title":{"rendered":"BARADERO | Este fin de semana controles mas estrictos en locales nocturnos"},"content":{"rendered":"<!-- VideographyWP Plugin Message: Automatic video embedding prevented by plugin options. -->\n\n<p>La reuni\u00f3n se llev\u00f3 a cabo en el d\u00eda de ayer y el motivo fue para pactar las nuevas condiciones con las que se van a manejar los locales de la nocturnidad teniendo en cuenta la situaci\u00f3n epidemiol\u00f3gica actual que tiene nuestra ciudad; donde hay 193 personas transitando la enfermedad de coronavirus y alrededor de 1000 personas aisladas.<\/p>\n\n\n\n<p>Dami\u00e1n Mori, Director de Producci\u00f3n, dijo que el pasado fin de semana hicieron controles para realizar un diagn\u00f3stico y evaluar c\u00f3mo se est\u00e1n llevando a cabo los protocolos.<\/p>\n\n\n\n<p>Adem\u00e1s, inform\u00f3 que este fin de semana tambi\u00e9n realizaran controles de capacidad en los locales nocturnos.<\/p>\n\n\n\n<p>\u201cNo me gustar\u00eda que despu\u00e9s de haber dialogado tanto no se obtengan los resultados que pactamos\u201d.<\/p>\n\n\n\n<p>Fuente: <a href=\"https:\/\/tulineadirecta.com\/la-direccion-de-produccion-se-reunio-con-los-duenos-de-locales-nocturnos\/\">Tu Linea Directa<\/a><\/p>\n","protected":false},"excerpt":{"rendered":"<p>La reuni\u00f3n se llev\u00f3 a cabo en el d\u00eda de ayer y el motivo fue para pactar las nuevas condiciones con las que se van a manejar los locales de la nocturnidad teniendo en cuenta la situaci\u00f3n epidemiol\u00f3gica actual que tiene nuestra ciudad; donde hay 193 personas transitando la enfermedad de coronavirus y alrededor de [&hellip;]<\/p>\n","protected":false},"author":4,"featured_media":89488,"comment_status":"open","ping_status":"closed","sticky":false,"template":"","format":"standard","meta":{"om_disable_all_campaigns":false,"_jetpack_memberships_contains_paid_content":false,"footnotes":""},"categories":[621],"tags":[],"class_list":["post-89487","post","type-post","status-publish","format-standard","has-post-thumbnail","hentry","category-regionales"],"aioseo_notices":[],"gutentor_comment":0,"jetpack_featured_media_url":"https:\/\/eldiariodesanpedro.com.ar\/sitio\/wp-content\/uploads\/2021\/03\/gente-en-maika.jpg","jetpack_shortlink":"https:\/\/wp.me\/p6RhLt-nhl","jetpack_sharing_enabled":true,"_links":{"self":[{"href":"https:\/\/eldiariodesanpedro.com.ar\/sitio\/wp-json\/wp\/v2\/posts\/89487","targetHints":{"allow":["GET"]}}],"collection":[{"href":"https:\/\/eldiariodesanpedro.com.ar\/sitio\/wp-json\/wp\/v2\/posts"}],"about":[{"href":"https:\/\/eldiariodesanpedro.com.ar\/sitio\/wp-json\/wp\/v2\/types\/post"}],"author":[{"embeddable":true,"href":"https:\/\/eldiariodesanpedro.com.ar\/sitio\/wp-json\/wp\/v2\/users\/4"}],"replies":[{"embeddable":true,"href":"https:\/\/eldiariodesanpedro.com.ar\/sitio\/wp-json\/wp\/v2\/comments?post=89487"}],"version-history":[{"count":1,"href":"https:\/\/eldiariodesanpedro.com.ar\/sitio\/wp-json\/wp\/v2\/posts\/89487\/revisions"}],"predecessor-version":[{"id":89489,"href":"https:\/\/eldiariodesanpedro.com.ar\/sitio\/wp-json\/wp\/v2\/posts\/89487\/revisions\/89489"}],"wp:featuredmedia":[{"embeddable":true,"href":"https:\/\/eldiariodesanpedro.com.ar\/sitio\/wp-json\/wp\/v2\/media\/89488"}],"wp:attachment":[{"href":"https:\/\/eldiariodesanpedro.com.ar\/sitio\/wp-json\/wp\/v2\/media?parent=89487"}],"wp:term":[{"taxonomy":"category","embeddable":true,"href":"https:\/\/eldiariodesanpedro.com.ar\/sitio\/wp-json\/wp\/v2\/categories?post=89487"},{"taxonomy":"post_tag","embeddable":true,"href":"https:\/\/eldiariodesanpedro.com.ar\/sitio\/wp-json\/wp\/v2\/tags?post=89487"}],"curies":[{"name":"wp","href":"https:\/\/api.w.org\/{rel}","templated":true}]}}