{"id":89484,"date":"2021-03-19T10:40:30","date_gmt":"2021-03-19T13:40:30","guid":{"rendered":"https:\/\/eldiariodesanpedro.com.ar\/sitio\/?p=89484"},"modified":"2021-03-19T10:40:34","modified_gmt":"2021-03-19T13:40:34","slug":"baradero-coronavirus-cincuenta-dosis-de-la-vacuna-covishield-con-problemas-en-la-cadena-de-frio","status":"publish","type":"post","link":"https:\/\/eldiariodesanpedro.com.ar\/sitio\/baradero-coronavirus-cincuenta-dosis-de-la-vacuna-covishield-con-problemas-en-la-cadena-de-frio\/","title":{"rendered":"BARADERO | Coronavirus: Cincuenta dosis de la vacuna Covishield con problemas en la cadena de fr\u00edo"},"content":{"rendered":"<!-- VideographyWP Plugin Message: Automatic video embedding prevented by plugin options. -->\n\n<p>Cinco frascos con la vacuna india Covishield sufrieron un \u00abdesvio\u00bb en la cadena de fr\u00edo y por esta raz\u00f3n fueron apartadas y est\u00e1n a la espera de lo que decida el ministerio de salud de la provincia.<\/p>\n\n\n\n<p>El subsecretario de salud, Carlos Baliela, confirm\u00f3 esta noticia:<em><strong>&nbsp;\u00abesta vacuna se conserva en heladera entre 2 y 8 grados y de cada frasco se sacan diez dosis. Nosotros realizamos controles peri\u00f3dicos y detectamos que la temperatura no hab\u00eda&nbsp;sido la adecuada\u00bb .<\/strong><\/em><\/p>\n\n\n\n<p><strong><em>\u00abDesde regi\u00f3n sanitaria se nos orden\u00f3 apartar estos cinco frascos hasta esperar la respuesta del ministerio de salud provincial\u00bb.<\/em><\/strong><\/p>\n\n\n\n<p>Extraoficialmente se supo que el municipio iniciar\u00eda una investigaci\u00f3n interna para conocer con m\u00e1s detalles por que se dio este \u00abdesv\u00edo\u00bb de temperatura que afect\u00f3 las vacunas.<\/p>\n","protected":false},"excerpt":{"rendered":"<p>Cinco frascos con la vacuna india Covishield sufrieron un \u00abdesvio\u00bb en la cadena de fr\u00edo y por esta raz\u00f3n fueron apartadas y est\u00e1n a la espera de lo que decida el ministerio de salud de la provincia. El subsecretario de salud, Carlos Baliela, confirm\u00f3 esta noticia:&nbsp;\u00abesta vacuna se conserva en heladera entre 2 y 8 [&hellip;]<\/p>\n","protected":false},"author":4,"featured_media":89485,"comment_status":"open","ping_status":"closed","sticky":false,"template":"","format":"standard","meta":{"om_disable_all_campaigns":false,"_jetpack_memberships_contains_paid_content":false,"footnotes":""},"categories":[621],"tags":[],"class_list":["post-89484","post","type-post","status-publish","format-standard","has-post-thumbnail","hentry","category-regionales"],"aioseo_notices":[],"gutentor_comment":0,"jetpack_featured_media_url":"https:\/\/eldiariodesanpedro.com.ar\/sitio\/wp-content\/uploads\/2021\/03\/carlos-baliela-con-la-vacuna-1024x726-1-e1616155233686.jpg","jetpack_shortlink":"https:\/\/wp.me\/p6RhLt-nhi","jetpack_sharing_enabled":true,"_links":{"self":[{"href":"https:\/\/eldiariodesanpedro.com.ar\/sitio\/wp-json\/wp\/v2\/posts\/89484","targetHints":{"allow":["GET"]}}],"collection":[{"href":"https:\/\/eldiariodesanpedro.com.ar\/sitio\/wp-json\/wp\/v2\/posts"}],"about":[{"href":"https:\/\/eldiariodesanpedro.com.ar\/sitio\/wp-json\/wp\/v2\/types\/post"}],"author":[{"embeddable":true,"href":"https:\/\/eldiariodesanpedro.com.ar\/sitio\/wp-json\/wp\/v2\/users\/4"}],"replies":[{"embeddable":true,"href":"https:\/\/eldiariodesanpedro.com.ar\/sitio\/wp-json\/wp\/v2\/comments?post=89484"}],"version-history":[{"count":1,"href":"https:\/\/eldiariodesanpedro.com.ar\/sitio\/wp-json\/wp\/v2\/posts\/89484\/revisions"}],"predecessor-version":[{"id":89486,"href":"https:\/\/eldiariodesanpedro.com.ar\/sitio\/wp-json\/wp\/v2\/posts\/89484\/revisions\/89486"}],"wp:featuredmedia":[{"embeddable":true,"href":"https:\/\/eldiariodesanpedro.com.ar\/sitio\/wp-json\/wp\/v2\/media\/89485"}],"wp:attachment":[{"href":"https:\/\/eldiariodesanpedro.com.ar\/sitio\/wp-json\/wp\/v2\/media?parent=89484"}],"wp:term":[{"taxonomy":"category","embeddable":true,"href":"https:\/\/eldiariodesanpedro.com.ar\/sitio\/wp-json\/wp\/v2\/categories?post=89484"},{"taxonomy":"post_tag","embeddable":true,"href":"https:\/\/eldiariodesanpedro.com.ar\/sitio\/wp-json\/wp\/v2\/tags?post=89484"}],"curies":[{"name":"wp","href":"https:\/\/api.w.org\/{rel}","templated":true}]}}