{"id":89481,"date":"2021-03-19T10:37:33","date_gmt":"2021-03-19T13:37:33","guid":{"rendered":"https:\/\/eldiariodesanpedro.com.ar\/sitio\/?p=89481"},"modified":"2021-03-19T10:37:38","modified_gmt":"2021-03-19T13:37:38","slug":"dio-inicio-la-cuarta-etapa-del-plan-mi-moto","status":"publish","type":"post","link":"https:\/\/eldiariodesanpedro.com.ar\/sitio\/dio-inicio-la-cuarta-etapa-del-plan-mi-moto\/","title":{"rendered":"Dio inicio la cuarta etapa del Plan Mi Moto"},"content":{"rendered":"<!-- VideographyWP Plugin Message: Automatic video embedding prevented by plugin options. -->\n\n<p>Mediante el Plan Mi Moto, el Gobierno Nacional busca facilitar el acceso a motocicletas. A trav\u00e9s del Banco Naci\u00f3n, los interesados podr\u00e1n ser propietarios de un cr\u00e9dito con el que podr\u00e1n adquirir una motocicleta en 48 cuotas.<\/p>\n\n\n\n<p>El tr\u00e1mite se realiza a trav\u00e9s de la plataforma Mi Tienda de Banco Naci\u00f3n, m\u00e1s exactamente Tienda BNA \u2013 Plan Mi Moto.<\/p>\n\n\n\n<p>All\u00ed se cargan los datos personales. El sistema analiza los ingresos y da respuesta a la casilla de correo estipulada, confirmando o no el cr\u00e9dito. En caso de respuesta positiva, el sistema brinda la posibilidad de entrar al Market Place de Banco Naci\u00f3n y seleccionar la moto, la cual queda reservada.<\/p>\n\n\n\n<p>Por \u00faltimo, la entidad cita al interesado para presentar la documentaci\u00f3n requerida. De esta manera el tr\u00e1mite est\u00e1 terminado y desde el Banco dan aviso al concesionario para que entregue el veh\u00edculo<\/p>\n","protected":false},"excerpt":{"rendered":"<p>Mediante el Plan Mi Moto, el Gobierno Nacional busca facilitar el acceso a motocicletas. A trav\u00e9s del Banco Naci\u00f3n, los interesados podr\u00e1n ser propietarios de un cr\u00e9dito con el que podr\u00e1n adquirir una motocicleta en 48 cuotas. El tr\u00e1mite se realiza a trav\u00e9s de la plataforma Mi Tienda de Banco Naci\u00f3n, m\u00e1s exactamente Tienda BNA [&hellip;]<\/p>\n","protected":false},"author":4,"featured_media":89482,"comment_status":"open","ping_status":"closed","sticky":false,"template":"","format":"standard","meta":{"om_disable_all_campaigns":false,"_jetpack_memberships_contains_paid_content":false,"footnotes":""},"categories":[621],"tags":[],"class_list":["post-89481","post","type-post","status-publish","format-standard","has-post-thumbnail","hentry","category-regionales"],"aioseo_notices":[],"gutentor_comment":0,"jetpack_featured_media_url":"https:\/\/eldiariodesanpedro.com.ar\/sitio\/wp-content\/uploads\/2021\/03\/no_ir11ksppe0rrpz6xvyzx5zmxvb5nbkdxzfoycil5y.jpg","jetpack_shortlink":"https:\/\/wp.me\/p6RhLt-nhf","jetpack_sharing_enabled":true,"_links":{"self":[{"href":"https:\/\/eldiariodesanpedro.com.ar\/sitio\/wp-json\/wp\/v2\/posts\/89481","targetHints":{"allow":["GET"]}}],"collection":[{"href":"https:\/\/eldiariodesanpedro.com.ar\/sitio\/wp-json\/wp\/v2\/posts"}],"about":[{"href":"https:\/\/eldiariodesanpedro.com.ar\/sitio\/wp-json\/wp\/v2\/types\/post"}],"author":[{"embeddable":true,"href":"https:\/\/eldiariodesanpedro.com.ar\/sitio\/wp-json\/wp\/v2\/users\/4"}],"replies":[{"embeddable":true,"href":"https:\/\/eldiariodesanpedro.com.ar\/sitio\/wp-json\/wp\/v2\/comments?post=89481"}],"version-history":[{"count":1,"href":"https:\/\/eldiariodesanpedro.com.ar\/sitio\/wp-json\/wp\/v2\/posts\/89481\/revisions"}],"predecessor-version":[{"id":89483,"href":"https:\/\/eldiariodesanpedro.com.ar\/sitio\/wp-json\/wp\/v2\/posts\/89481\/revisions\/89483"}],"wp:featuredmedia":[{"embeddable":true,"href":"https:\/\/eldiariodesanpedro.com.ar\/sitio\/wp-json\/wp\/v2\/media\/89482"}],"wp:attachment":[{"href":"https:\/\/eldiariodesanpedro.com.ar\/sitio\/wp-json\/wp\/v2\/media?parent=89481"}],"wp:term":[{"taxonomy":"category","embeddable":true,"href":"https:\/\/eldiariodesanpedro.com.ar\/sitio\/wp-json\/wp\/v2\/categories?post=89481"},{"taxonomy":"post_tag","embeddable":true,"href":"https:\/\/eldiariodesanpedro.com.ar\/sitio\/wp-json\/wp\/v2\/tags?post=89481"}],"curies":[{"name":"wp","href":"https:\/\/api.w.org\/{rel}","templated":true}]}}