{"id":89478,"date":"2021-03-19T10:35:44","date_gmt":"2021-03-19T13:35:44","guid":{"rendered":"https:\/\/eldiariodesanpedro.com.ar\/sitio\/?p=89478"},"modified":"2021-03-19T10:35:48","modified_gmt":"2021-03-19T13:35:48","slug":"san-nicolas-allanan-vivienda-por-prostitucion-de-una-menor-de-13-anos","status":"publish","type":"post","link":"https:\/\/eldiariodesanpedro.com.ar\/sitio\/san-nicolas-allanan-vivienda-por-prostitucion-de-una-menor-de-13-anos\/","title":{"rendered":"SAN NICOL\u00c1S | Allanan vivienda por prostituci\u00f3n de una menor de 13 a\u00f1os"},"content":{"rendered":"<!-- VideographyWP Plugin Message: Automatic video embedding prevented by plugin options. -->\n\n<p>En horas de la noche de este jueves Polic\u00eda Federal allan\u00f3 un domicilio en calle Bol\u00edvar 827 en el marco de una causa de facilitaci\u00f3n de ejercicio de la prostituci\u00f3n de una menor.<br><br>El propietario de la casa qued\u00f3 aprehendido junto a la madre de una menor de 13 a\u00f1os, ambos de apellido Gallo. La mujer adem\u00e1s viv\u00eda junto a otro de sus hijos de 7 a\u00f1os.<br><br>De acuerdo a la investigaci\u00f3n llevada adelante por Polic\u00eda Federal y Polic\u00eda Judicial, la jovencita de 13 a\u00f1os ofrec\u00eda sus servicios sexuales por la red social Facebook. Ser\u00eda reincidente en este accionar. Citando a los ocasionales clientes en el domicilio allanado.<br><br>Secuestraron celulares que ya estaban siendo escuchados, algunos gramos de coca\u00edna, preservativos y otros elementos de valor para la causa.<br><br>Arrib\u00f3 a la vivienda el la Coordinadora del Servicio Local de Ni\u00f1ez y Adolescencia ( Prodenya), Celeste L\u00f3pez junto al psic\u00f3logo de la instituci\u00f3n, Pablo Correa.<br><br>Tanto la menor como su familia ya recibieron tratamiento y varias visitas de profesionales de Prodenya por hechos similares. Pero reinciden en el mismo accionar.<br><br>Antes de la medianoche, la menor fue trasladada a la casa de una familiar para que quede a resguardo.<br><br>La causa est\u00e1 a cargo de la Fiscal\u00eda N\u00b0 6 del Dr Dar\u00edo Giagnorio.<\/p>\n","protected":false},"excerpt":{"rendered":"<p>En horas de la noche de este jueves Polic\u00eda Federal allan\u00f3 un domicilio en calle Bol\u00edvar 827 en el marco de una causa de facilitaci\u00f3n de ejercicio de la prostituci\u00f3n de una menor. El propietario de la casa qued\u00f3 aprehendido junto a la madre de una menor de 13 a\u00f1os, ambos de apellido Gallo. La [&hellip;]<\/p>\n","protected":false},"author":4,"featured_media":89479,"comment_status":"open","ping_status":"closed","sticky":false,"template":"","format":"standard","meta":{"om_disable_all_campaigns":false,"_jetpack_memberships_contains_paid_content":false,"footnotes":""},"categories":[621],"tags":[],"class_list":["post-89478","post","type-post","status-publish","format-standard","has-post-thumbnail","hentry","category-regionales"],"aioseo_notices":[],"gutentor_comment":0,"jetpack_featured_media_url":"https:\/\/eldiariodesanpedro.com.ar\/sitio\/wp-content\/uploads\/2021\/03\/conmarca30397.jpg","jetpack_shortlink":"https:\/\/wp.me\/p6RhLt-nhc","jetpack_sharing_enabled":true,"_links":{"self":[{"href":"https:\/\/eldiariodesanpedro.com.ar\/sitio\/wp-json\/wp\/v2\/posts\/89478","targetHints":{"allow":["GET"]}}],"collection":[{"href":"https:\/\/eldiariodesanpedro.com.ar\/sitio\/wp-json\/wp\/v2\/posts"}],"about":[{"href":"https:\/\/eldiariodesanpedro.com.ar\/sitio\/wp-json\/wp\/v2\/types\/post"}],"author":[{"embeddable":true,"href":"https:\/\/eldiariodesanpedro.com.ar\/sitio\/wp-json\/wp\/v2\/users\/4"}],"replies":[{"embeddable":true,"href":"https:\/\/eldiariodesanpedro.com.ar\/sitio\/wp-json\/wp\/v2\/comments?post=89478"}],"version-history":[{"count":1,"href":"https:\/\/eldiariodesanpedro.com.ar\/sitio\/wp-json\/wp\/v2\/posts\/89478\/revisions"}],"predecessor-version":[{"id":89480,"href":"https:\/\/eldiariodesanpedro.com.ar\/sitio\/wp-json\/wp\/v2\/posts\/89478\/revisions\/89480"}],"wp:featuredmedia":[{"embeddable":true,"href":"https:\/\/eldiariodesanpedro.com.ar\/sitio\/wp-json\/wp\/v2\/media\/89479"}],"wp:attachment":[{"href":"https:\/\/eldiariodesanpedro.com.ar\/sitio\/wp-json\/wp\/v2\/media?parent=89478"}],"wp:term":[{"taxonomy":"category","embeddable":true,"href":"https:\/\/eldiariodesanpedro.com.ar\/sitio\/wp-json\/wp\/v2\/categories?post=89478"},{"taxonomy":"post_tag","embeddable":true,"href":"https:\/\/eldiariodesanpedro.com.ar\/sitio\/wp-json\/wp\/v2\/tags?post=89478"}],"curies":[{"name":"wp","href":"https:\/\/api.w.org\/{rel}","templated":true}]}}