{"id":89468,"date":"2021-03-19T10:31:45","date_gmt":"2021-03-19T13:31:45","guid":{"rendered":"https:\/\/eldiariodesanpedro.com.ar\/sitio\/?p=89468"},"modified":"2021-03-19T10:31:52","modified_gmt":"2021-03-19T13:31:52","slug":"zarate-un-auto-fue-embestido-por-un-tren","status":"publish","type":"post","link":"https:\/\/eldiariodesanpedro.com.ar\/sitio\/zarate-un-auto-fue-embestido-por-un-tren\/","title":{"rendered":"Z\u00c1RATE | Un auto fue embestido por un tren"},"content":{"rendered":"<!-- VideographyWP Plugin Message: Automatic video embedding prevented by plugin options. -->\n\n<p><strong>Ocurri\u00f3 cerca de las 17:00 de este jueves en el cruce de Larrea y Calle 10. Un autom\u00f3vil Fiat 147 intent\u00f3 cruzar las vias del ferrocarril, a pesar de estar el tren a pocos metros,\u00a0 y por motivos que se desconocen el veh\u00edculo no pudo pasar hasta que fue arrollado.<\/strong><\/p>\n\n\n\n<p>Una familia que estaba dentro del veh\u00edculo logr\u00f3 salir por sus propios medios y la formaci\u00f3n ferroviaria fren\u00f3 lo que pudo pero embisti\u00f3 violentamente al autom\u00f3vil. En el lugar trabajan bomberos voluntarios de Z\u00e1rate.<\/p>\n\n\n\n<p>Fuente: <a href=\"https:\/\/impactolocal.com.ar\/2021\/03\/18\/un-auto-fue-embestido-por-un-tren\/\">Impacto Local<\/a><\/p>\n\n\n\n<figure class=\"wp-block-image size-large\"><img decoding=\"async\" width=\"696\" height=\"928\" data-attachment-id=\"89470\" data-permalink=\"https:\/\/eldiariodesanpedro.com.ar\/sitio\/zarate-un-auto-fue-embestido-por-un-tren\/f9192afc-4ca2-4654-bcc1-375451066429-696x928\/\" data-orig-file=\"https:\/\/eldiariodesanpedro.com.ar\/sitio\/wp-content\/uploads\/2021\/03\/f9192afc-4ca2-4654-bcc1-375451066429-696x928-1.jpg\" data-orig-size=\"696,928\" data-comments-opened=\"1\" data-image-meta=\"{&quot;aperture&quot;:&quot;0&quot;,&quot;credit&quot;:&quot;&quot;,&quot;camera&quot;:&quot;&quot;,&quot;caption&quot;:&quot;&quot;,&quot;created_timestamp&quot;:&quot;0&quot;,&quot;copyright&quot;:&quot;&quot;,&quot;focal_length&quot;:&quot;0&quot;,&quot;iso&quot;:&quot;0&quot;,&quot;shutter_speed&quot;:&quot;0&quot;,&quot;title&quot;:&quot;&quot;,&quot;orientation&quot;:&quot;0&quot;}\" data-image-title=\"f9192afc-4ca2-4654-bcc1-375451066429-696&amp;#215;928\" data-image-description=\"\" data-image-caption=\"\" data-large-file=\"https:\/\/eldiariodesanpedro.com.ar\/sitio\/wp-content\/uploads\/2021\/03\/f9192afc-4ca2-4654-bcc1-375451066429-696x928-1.jpg\" data-src=\"https:\/\/eldiariodesanpedro.com.ar\/sitio\/wp-content\/uploads\/2021\/03\/f9192afc-4ca2-4654-bcc1-375451066429-696x928-1.jpg\" alt=\"\" class=\"wp-image-89470 lazyload\" data-srcset=\"https:\/\/eldiariodesanpedro.com.ar\/sitio\/wp-content\/uploads\/2021\/03\/f9192afc-4ca2-4654-bcc1-375451066429-696x928-1.jpg 696w, https:\/\/eldiariodesanpedro.com.ar\/sitio\/wp-content\/uploads\/2021\/03\/f9192afc-4ca2-4654-bcc1-375451066429-696x928-1-225x300.jpg 225w\" data-sizes=\"(max-width: 696px) 100vw, 696px\" src=\"data:image\/svg+xml;base64,PHN2ZyB3aWR0aD0iMSIgaGVpZ2h0PSIxIiB4bWxucz0iaHR0cDovL3d3dy53My5vcmcvMjAwMC9zdmciPjwvc3ZnPg==\" style=\"--smush-placeholder-width: 696px; --smush-placeholder-aspect-ratio: 696\/928;\" \/><\/figure>\n\n\n\n<figure class=\"wp-block-image size-large\"><img decoding=\"async\" width=\"696\" height=\"928\" data-attachment-id=\"89469\" data-permalink=\"https:\/\/eldiariodesanpedro.com.ar\/sitio\/zarate-un-auto-fue-embestido-por-un-tren\/15f5c292-1a12-425f-a21b-a0266a6bb5cf-696x928\/\" data-orig-file=\"https:\/\/eldiariodesanpedro.com.ar\/sitio\/wp-content\/uploads\/2021\/03\/15f5c292-1a12-425f-a21b-a0266a6bb5cf-696x928-1.jpg\" data-orig-size=\"696,928\" data-comments-opened=\"1\" data-image-meta=\"{&quot;aperture&quot;:&quot;0&quot;,&quot;credit&quot;:&quot;&quot;,&quot;camera&quot;:&quot;&quot;,&quot;caption&quot;:&quot;&quot;,&quot;created_timestamp&quot;:&quot;0&quot;,&quot;copyright&quot;:&quot;&quot;,&quot;focal_length&quot;:&quot;0&quot;,&quot;iso&quot;:&quot;0&quot;,&quot;shutter_speed&quot;:&quot;0&quot;,&quot;title&quot;:&quot;&quot;,&quot;orientation&quot;:&quot;0&quot;}\" data-image-title=\"15f5c292-1a12-425f-a21b-a0266a6bb5cf-696&amp;#215;928\" data-image-description=\"\" data-image-caption=\"\" data-large-file=\"https:\/\/eldiariodesanpedro.com.ar\/sitio\/wp-content\/uploads\/2021\/03\/15f5c292-1a12-425f-a21b-a0266a6bb5cf-696x928-1.jpg\" data-src=\"https:\/\/eldiariodesanpedro.com.ar\/sitio\/wp-content\/uploads\/2021\/03\/15f5c292-1a12-425f-a21b-a0266a6bb5cf-696x928-1.jpg\" alt=\"\" class=\"wp-image-89469 lazyload\" data-srcset=\"https:\/\/eldiariodesanpedro.com.ar\/sitio\/wp-content\/uploads\/2021\/03\/15f5c292-1a12-425f-a21b-a0266a6bb5cf-696x928-1.jpg 696w, https:\/\/eldiariodesanpedro.com.ar\/sitio\/wp-content\/uploads\/2021\/03\/15f5c292-1a12-425f-a21b-a0266a6bb5cf-696x928-1-225x300.jpg 225w\" data-sizes=\"(max-width: 696px) 100vw, 696px\" src=\"data:image\/svg+xml;base64,PHN2ZyB3aWR0aD0iMSIgaGVpZ2h0PSIxIiB4bWxucz0iaHR0cDovL3d3dy53My5vcmcvMjAwMC9zdmciPjwvc3ZnPg==\" style=\"--smush-placeholder-width: 696px; --smush-placeholder-aspect-ratio: 696\/928;\" \/><\/figure>\n","protected":false},"excerpt":{"rendered":"<p>Ocurri\u00f3 cerca de las 17:00 de este jueves en el cruce de Larrea y Calle 10. Un autom\u00f3vil Fiat 147 intent\u00f3 cruzar las vias del ferrocarril, a pesar de estar el tren a pocos metros,\u00a0 y por motivos que se desconocen el veh\u00edculo no pudo pasar hasta que fue arrollado. Una familia que estaba dentro [&hellip;]<\/p>\n","protected":false},"author":4,"featured_media":89471,"comment_status":"open","ping_status":"closed","sticky":false,"template":"","format":"standard","meta":{"om_disable_all_campaigns":false,"_jetpack_memberships_contains_paid_content":false,"footnotes":""},"categories":[621],"tags":[],"class_list":["post-89468","post","type-post","status-publish","format-standard","has-post-thumbnail","hentry","category-regionales"],"aioseo_notices":[],"gutentor_comment":0,"jetpack_featured_media_url":"https:\/\/eldiariodesanpedro.com.ar\/sitio\/wp-content\/uploads\/2021\/03\/WhatsApp-Image-2021-03-18-at-17.13.07-1-1.jpeg","jetpack_shortlink":"https:\/\/wp.me\/p6RhLt-nh2","jetpack_sharing_enabled":true,"_links":{"self":[{"href":"https:\/\/eldiariodesanpedro.com.ar\/sitio\/wp-json\/wp\/v2\/posts\/89468","targetHints":{"allow":["GET"]}}],"collection":[{"href":"https:\/\/eldiariodesanpedro.com.ar\/sitio\/wp-json\/wp\/v2\/posts"}],"about":[{"href":"https:\/\/eldiariodesanpedro.com.ar\/sitio\/wp-json\/wp\/v2\/types\/post"}],"author":[{"embeddable":true,"href":"https:\/\/eldiariodesanpedro.com.ar\/sitio\/wp-json\/wp\/v2\/users\/4"}],"replies":[{"embeddable":true,"href":"https:\/\/eldiariodesanpedro.com.ar\/sitio\/wp-json\/wp\/v2\/comments?post=89468"}],"version-history":[{"count":1,"href":"https:\/\/eldiariodesanpedro.com.ar\/sitio\/wp-json\/wp\/v2\/posts\/89468\/revisions"}],"predecessor-version":[{"id":89472,"href":"https:\/\/eldiariodesanpedro.com.ar\/sitio\/wp-json\/wp\/v2\/posts\/89468\/revisions\/89472"}],"wp:featuredmedia":[{"embeddable":true,"href":"https:\/\/eldiariodesanpedro.com.ar\/sitio\/wp-json\/wp\/v2\/media\/89471"}],"wp:attachment":[{"href":"https:\/\/eldiariodesanpedro.com.ar\/sitio\/wp-json\/wp\/v2\/media?parent=89468"}],"wp:term":[{"taxonomy":"category","embeddable":true,"href":"https:\/\/eldiariodesanpedro.com.ar\/sitio\/wp-json\/wp\/v2\/categories?post=89468"},{"taxonomy":"post_tag","embeddable":true,"href":"https:\/\/eldiariodesanpedro.com.ar\/sitio\/wp-json\/wp\/v2\/tags?post=89468"}],"curies":[{"name":"wp","href":"https:\/\/api.w.org\/{rel}","templated":true}]}}