{"id":89461,"date":"2021-03-19T10:08:50","date_gmt":"2021-03-19T13:08:50","guid":{"rendered":"https:\/\/eldiariodesanpedro.com.ar\/sitio\/?p=89461"},"modified":"2021-03-19T10:08:55","modified_gmt":"2021-03-19T13:08:55","slug":"el-intendente-tendra-una-reunion-este-viernes-para-un-acuerdo-del-partido-fe-con-el-frente-de-todos","status":"publish","type":"post","link":"https:\/\/eldiariodesanpedro.com.ar\/sitio\/el-intendente-tendra-una-reunion-este-viernes-para-un-acuerdo-del-partido-fe-con-el-frente-de-todos\/","title":{"rendered":"El Intendente tendr\u00e1 una reuni\u00f3n este viernes para un acuerdo del Partido Fe con el Frente de Todos"},"content":{"rendered":"<!-- VideographyWP Plugin Message: Automatic video embedding prevented by plugin options. -->\n\n<p>A trav\u00e9s del programa \u00abequipo de radio\u00bb que se trasmite por La Radio 92.3 hablo sobre el acuerdo pol\u00edtico que se realizara con el Frente de Todos para que el Partido Fe ingrese definitivamente con la coalici\u00f3n de caras a las elecciones legislativas de este a\u00f1o.<\/p>\n\n\n\n<p>Este viernes el intendente Cecilio Salazar estuvo presente en el barrio Estrada donde se realizan obras cloacales y en dialogo con los colegas aseguro que ene la tarde de este viernes tendr\u00e1 varias reuniones en la ciudad de Buenos Aires para poder terminar de acordar la uni\u00f3n del Partido Fe del cual es \u00e9l representante al frente liderado por Cristina Kirchner, el Presidente Alberto Fernandez  y Sergio Massa.<\/p>\n\n\n\n<p>Segun Salazar \u00abLo importante es poder de esta manera llegar a conseguir mas obras para nuestra ciudad para seguir creciendo\u00bb.<\/p>\n\n\n\n<p>Con esto definitivamente se termina de confirmar la intenci\u00f3n del Intendente de pertenecer al Frente de Todos tras abandonar la coalici\u00f3n de Juntos para el Cambio.<\/p>\n","protected":false},"excerpt":{"rendered":"<p>A trav\u00e9s del programa \u00abequipo de radio\u00bb que se trasmite por La Radio 92.3 hablo sobre el acuerdo pol\u00edtico que se realizara con el Frente de Todos para que el Partido Fe ingrese definitivamente con la coalici\u00f3n de caras a las elecciones legislativas de este a\u00f1o. Este viernes el intendente Cecilio Salazar estuvo presente en [&hellip;]<\/p>\n","protected":false},"author":4,"featured_media":88264,"comment_status":"open","ping_status":"closed","sticky":false,"template":"","format":"standard","meta":{"om_disable_all_campaigns":false,"_jetpack_memberships_contains_paid_content":false,"footnotes":""},"categories":[50,101,2],"tags":[],"class_list":["post-89461","post","type-post","status-publish","format-standard","has-post-thumbnail","hentry","category-destacadas","category-interes-general-locales","category-locales"],"aioseo_notices":[],"gutentor_comment":0,"jetpack_featured_media_url":"https:\/\/eldiariodesanpedro.com.ar\/sitio\/wp-content\/uploads\/2021\/02\/WhatsApp-Image-2021-02-26-at-18.58.08-1.jpeg","jetpack_shortlink":"https:\/\/wp.me\/p6RhLt-ngV","jetpack_sharing_enabled":true,"_links":{"self":[{"href":"https:\/\/eldiariodesanpedro.com.ar\/sitio\/wp-json\/wp\/v2\/posts\/89461","targetHints":{"allow":["GET"]}}],"collection":[{"href":"https:\/\/eldiariodesanpedro.com.ar\/sitio\/wp-json\/wp\/v2\/posts"}],"about":[{"href":"https:\/\/eldiariodesanpedro.com.ar\/sitio\/wp-json\/wp\/v2\/types\/post"}],"author":[{"embeddable":true,"href":"https:\/\/eldiariodesanpedro.com.ar\/sitio\/wp-json\/wp\/v2\/users\/4"}],"replies":[{"embeddable":true,"href":"https:\/\/eldiariodesanpedro.com.ar\/sitio\/wp-json\/wp\/v2\/comments?post=89461"}],"version-history":[{"count":1,"href":"https:\/\/eldiariodesanpedro.com.ar\/sitio\/wp-json\/wp\/v2\/posts\/89461\/revisions"}],"predecessor-version":[{"id":89462,"href":"https:\/\/eldiariodesanpedro.com.ar\/sitio\/wp-json\/wp\/v2\/posts\/89461\/revisions\/89462"}],"wp:featuredmedia":[{"embeddable":true,"href":"https:\/\/eldiariodesanpedro.com.ar\/sitio\/wp-json\/wp\/v2\/media\/88264"}],"wp:attachment":[{"href":"https:\/\/eldiariodesanpedro.com.ar\/sitio\/wp-json\/wp\/v2\/media?parent=89461"}],"wp:term":[{"taxonomy":"category","embeddable":true,"href":"https:\/\/eldiariodesanpedro.com.ar\/sitio\/wp-json\/wp\/v2\/categories?post=89461"},{"taxonomy":"post_tag","embeddable":true,"href":"https:\/\/eldiariodesanpedro.com.ar\/sitio\/wp-json\/wp\/v2\/tags?post=89461"}],"curies":[{"name":"wp","href":"https:\/\/api.w.org\/{rel}","templated":true}]}}