{"id":8946,"date":"2016-10-18T19:13:20","date_gmt":"2016-10-18T22:13:20","guid":{"rendered":"https:\/\/eldiariodesanpedro.com.ar\/sitio\/?p=8946"},"modified":"2016-10-18T19:13:20","modified_gmt":"2016-10-18T22:13:20","slug":"con-una-inversion-de-12-000-000-se-inicia-las-obras-en-la-escuela-tecnica-n1","status":"publish","type":"post","link":"https:\/\/eldiariodesanpedro.com.ar\/sitio\/con-una-inversion-de-12-000-000-se-inicia-las-obras-en-la-escuela-tecnica-n1\/","title":{"rendered":"Con una inversi\u00f3n de $12.000.000 se inicia las obras en la Escuela T\u00e9cnica N\u00b01"},"content":{"rendered":"<p><!-- VideographyWP Plugin Message: Automatic video embedding prevented by plugin options. --><br \/>\nCon la presencia del Director Ejecutivo del Instituto Nacional de Educaci\u00f3n Tecnol\u00f3gica Gabriel S\u00e1nchez Zinny, este mi\u00e9rcoles a las 9.00 se dar\u00e1 inicio a las nuevas obras de la Escuela T\u00e9cnica N\u00b01 que demandar\u00e1n una inversi\u00f3n de $12.000.000.<br \/>\nLos trabajos constar\u00e1n en reparar algunos sectores del establecimiento y ampliar otros, lo que generar\u00e1 mejor especio para el alumnado. <\/p>\n","protected":false},"excerpt":{"rendered":"<p>Con la presencia del Director Ejecutivo del Instituto Nacional de Educaci\u00f3n Tecnol\u00f3gica Gabriel S\u00e1nchez Zinny, este mi\u00e9rcoles a las 9.00 se dar\u00e1 inicio a las nuevas obras de la Escuela T\u00e9cnica N\u00b01 que demandar\u00e1n una inversi\u00f3n de $12.000.000. Los trabajos constar\u00e1n en reparar algunos sectores del establecimiento y ampliar otros, lo que generar\u00e1 mejor especio [&hellip;]<\/p>\n","protected":false},"author":4,"featured_media":8947,"comment_status":"open","ping_status":"closed","sticky":false,"template":"","format":"standard","meta":{"om_disable_all_campaigns":false,"_jetpack_memberships_contains_paid_content":false,"footnotes":""},"categories":[101,2],"tags":[],"class_list":["post-8946","post","type-post","status-publish","format-standard","has-post-thumbnail","hentry","category-interes-general-locales","category-locales"],"aioseo_notices":[],"gutentor_comment":0,"jetpack_featured_media_url":"https:\/\/eldiariodesanpedro.com.ar\/sitio\/wp-content\/uploads\/2016\/10\/Planos.jpg","jetpack_shortlink":"https:\/\/wp.me\/p6RhLt-2ki","jetpack_sharing_enabled":true,"_links":{"self":[{"href":"https:\/\/eldiariodesanpedro.com.ar\/sitio\/wp-json\/wp\/v2\/posts\/8946","targetHints":{"allow":["GET"]}}],"collection":[{"href":"https:\/\/eldiariodesanpedro.com.ar\/sitio\/wp-json\/wp\/v2\/posts"}],"about":[{"href":"https:\/\/eldiariodesanpedro.com.ar\/sitio\/wp-json\/wp\/v2\/types\/post"}],"author":[{"embeddable":true,"href":"https:\/\/eldiariodesanpedro.com.ar\/sitio\/wp-json\/wp\/v2\/users\/4"}],"replies":[{"embeddable":true,"href":"https:\/\/eldiariodesanpedro.com.ar\/sitio\/wp-json\/wp\/v2\/comments?post=8946"}],"version-history":[{"count":1,"href":"https:\/\/eldiariodesanpedro.com.ar\/sitio\/wp-json\/wp\/v2\/posts\/8946\/revisions"}],"predecessor-version":[{"id":8948,"href":"https:\/\/eldiariodesanpedro.com.ar\/sitio\/wp-json\/wp\/v2\/posts\/8946\/revisions\/8948"}],"wp:featuredmedia":[{"embeddable":true,"href":"https:\/\/eldiariodesanpedro.com.ar\/sitio\/wp-json\/wp\/v2\/media\/8947"}],"wp:attachment":[{"href":"https:\/\/eldiariodesanpedro.com.ar\/sitio\/wp-json\/wp\/v2\/media?parent=8946"}],"wp:term":[{"taxonomy":"category","embeddable":true,"href":"https:\/\/eldiariodesanpedro.com.ar\/sitio\/wp-json\/wp\/v2\/categories?post=8946"},{"taxonomy":"post_tag","embeddable":true,"href":"https:\/\/eldiariodesanpedro.com.ar\/sitio\/wp-json\/wp\/v2\/tags?post=8946"}],"curies":[{"name":"wp","href":"https:\/\/api.w.org\/{rel}","templated":true}]}}