{"id":89443,"date":"2021-03-18T19:57:24","date_gmt":"2021-03-18T22:57:24","guid":{"rendered":"https:\/\/eldiariodesanpedro.com.ar\/sitio\/?p=89443"},"modified":"2021-03-18T19:57:26","modified_gmt":"2021-03-18T22:57:26","slug":"la-agencia-nacional-de-seguridad-vial-abrira-una-base-en-san-pedro","status":"publish","type":"post","link":"https:\/\/eldiariodesanpedro.com.ar\/sitio\/la-agencia-nacional-de-seguridad-vial-abrira-una-base-en-san-pedro\/","title":{"rendered":"La Agencia Nacional de Seguridad Vial abrir\u00e1 una base en San Pedro"},"content":{"rendered":"<!-- VideographyWP Plugin Message: Automatic video embedding prevented by plugin options. -->\n\n<p>Una de las nuevas bases operativas de la Agencia Nacional de Seguridad Vial se instalar\u00e1 en San Pedro, si contin\u00faan avanzando las gestiones que comenzaron desde el organismo y con el acompa\u00f1amiento de la Municipalidad de nuestra ciudad.<\/p>\n\n\n\n<p>Hoy el Intendente Cecilio Salazar junto al Director de Tr\u00e1nsito Luis Caram\u00fan, recibieron a Martin El Tahham, Director Nacional de Coordinaci\u00f3n Interjuridisccional de esta Agencia que depende del Ministerio de Transporte, acompa\u00f1ado por Facundo L\u00f3pez Subdirector Ejecutivo y Julio Lorenzo concesionario del Autom\u00f3vil Club San Pedro, con asiento en R\u00edo Tala.<\/p>\n\n\n\n<p>Actualmente existen 16 bases operativas en todo el pa\u00eds y durante el a\u00f1o tienen previsto abrir 10 m\u00e1s en territorio nacional y una de ellas se instalar\u00e1 en nuestra zona.<\/p>\n\n\n\n<p>La ubicaci\u00f3n estrat\u00e9gica entre Buenos Aires y Rosario y el tr\u00e1nsito constante que se registra sobre la autopista m\u00e1s importante del pa\u00eds ha derivado en esta oportunidad de establecer a San Pedro como punto de referencia y se seguir\u00e1 trabajando con el objetivo de definir el lugar apropiado para realizar la apertura.<\/p>\n\n\n\n<p>La Agencia Nacional de Seguridad Vial realiza tr\u00e1mites y gestiones, campa\u00f1as de promoci\u00f3n de la educaci\u00f3n vial, cuenta con una red de asistencia a v\u00edctimas y ofrece diferentes servicios dentro de \u00e1mbito de funciones.<\/p>\n\n\n\n<figure class=\"wp-block-image size-large\"><img decoding=\"async\" width=\"1024\" height=\"624\" data-attachment-id=\"89444\" data-permalink=\"https:\/\/eldiariodesanpedro.com.ar\/sitio\/la-agencia-nacional-de-seguridad-vial-abrira-una-base-en-san-pedro\/whatsapp-image-2021-03-18-at-19-50-24\/\" data-orig-file=\"https:\/\/eldiariodesanpedro.com.ar\/sitio\/wp-content\/uploads\/2021\/03\/WhatsApp-Image-2021-03-18-at-19.50.24.jpeg\" data-orig-size=\"1280,780\" data-comments-opened=\"1\" data-image-meta=\"{&quot;aperture&quot;:&quot;0&quot;,&quot;credit&quot;:&quot;&quot;,&quot;camera&quot;:&quot;&quot;,&quot;caption&quot;:&quot;&quot;,&quot;created_timestamp&quot;:&quot;0&quot;,&quot;copyright&quot;:&quot;&quot;,&quot;focal_length&quot;:&quot;0&quot;,&quot;iso&quot;:&quot;0&quot;,&quot;shutter_speed&quot;:&quot;0&quot;,&quot;title&quot;:&quot;&quot;,&quot;orientation&quot;:&quot;0&quot;}\" data-image-title=\"WhatsApp Image 2021-03-18 at 19.50.24\" data-image-description=\"\" data-image-caption=\"\" data-large-file=\"https:\/\/eldiariodesanpedro.com.ar\/sitio\/wp-content\/uploads\/2021\/03\/WhatsApp-Image-2021-03-18-at-19.50.24-1024x624.jpeg\" data-src=\"https:\/\/eldiariodesanpedro.com.ar\/sitio\/wp-content\/uploads\/2021\/03\/WhatsApp-Image-2021-03-18-at-19.50.24-1024x624.jpeg\" alt=\"\" class=\"wp-image-89444 lazyload\" data-srcset=\"https:\/\/eldiariodesanpedro.com.ar\/sitio\/wp-content\/uploads\/2021\/03\/WhatsApp-Image-2021-03-18-at-19.50.24-1024x624.jpeg 1024w, https:\/\/eldiariodesanpedro.com.ar\/sitio\/wp-content\/uploads\/2021\/03\/WhatsApp-Image-2021-03-18-at-19.50.24-300x183.jpeg 300w, https:\/\/eldiariodesanpedro.com.ar\/sitio\/wp-content\/uploads\/2021\/03\/WhatsApp-Image-2021-03-18-at-19.50.24-768x468.jpeg 768w, https:\/\/eldiariodesanpedro.com.ar\/sitio\/wp-content\/uploads\/2021\/03\/WhatsApp-Image-2021-03-18-at-19.50.24.jpeg 1280w\" data-sizes=\"(max-width: 1024px) 100vw, 1024px\" src=\"data:image\/svg+xml;base64,PHN2ZyB3aWR0aD0iMSIgaGVpZ2h0PSIxIiB4bWxucz0iaHR0cDovL3d3dy53My5vcmcvMjAwMC9zdmciPjwvc3ZnPg==\" style=\"--smush-placeholder-width: 1024px; --smush-placeholder-aspect-ratio: 1024\/624;\" \/><\/figure>\n\n\n\n<figure class=\"wp-block-image size-large\"><img decoding=\"async\" width=\"1024\" height=\"682\" data-attachment-id=\"89445\" data-permalink=\"https:\/\/eldiariodesanpedro.com.ar\/sitio\/la-agencia-nacional-de-seguridad-vial-abrira-una-base-en-san-pedro\/whatsapp-image-2021-03-18-at-19-50-37-1\/\" data-orig-file=\"https:\/\/eldiariodesanpedro.com.ar\/sitio\/wp-content\/uploads\/2021\/03\/WhatsApp-Image-2021-03-18-at-19.50.37-1.jpeg\" data-orig-size=\"1280,853\" data-comments-opened=\"1\" data-image-meta=\"{&quot;aperture&quot;:&quot;0&quot;,&quot;credit&quot;:&quot;&quot;,&quot;camera&quot;:&quot;&quot;,&quot;caption&quot;:&quot;&quot;,&quot;created_timestamp&quot;:&quot;0&quot;,&quot;copyright&quot;:&quot;&quot;,&quot;focal_length&quot;:&quot;0&quot;,&quot;iso&quot;:&quot;0&quot;,&quot;shutter_speed&quot;:&quot;0&quot;,&quot;title&quot;:&quot;&quot;,&quot;orientation&quot;:&quot;0&quot;}\" data-image-title=\"WhatsApp Image 2021-03-18 at 19.50.37 (1)\" data-image-description=\"\" data-image-caption=\"\" data-large-file=\"https:\/\/eldiariodesanpedro.com.ar\/sitio\/wp-content\/uploads\/2021\/03\/WhatsApp-Image-2021-03-18-at-19.50.37-1-1024x682.jpeg\" data-src=\"https:\/\/eldiariodesanpedro.com.ar\/sitio\/wp-content\/uploads\/2021\/03\/WhatsApp-Image-2021-03-18-at-19.50.37-1-1024x682.jpeg\" alt=\"\" class=\"wp-image-89445 lazyload\" data-srcset=\"https:\/\/eldiariodesanpedro.com.ar\/sitio\/wp-content\/uploads\/2021\/03\/WhatsApp-Image-2021-03-18-at-19.50.37-1-1024x682.jpeg 1024w, https:\/\/eldiariodesanpedro.com.ar\/sitio\/wp-content\/uploads\/2021\/03\/WhatsApp-Image-2021-03-18-at-19.50.37-1-300x200.jpeg 300w, https:\/\/eldiariodesanpedro.com.ar\/sitio\/wp-content\/uploads\/2021\/03\/WhatsApp-Image-2021-03-18-at-19.50.37-1-768x512.jpeg 768w, https:\/\/eldiariodesanpedro.com.ar\/sitio\/wp-content\/uploads\/2021\/03\/WhatsApp-Image-2021-03-18-at-19.50.37-1.jpeg 1280w\" data-sizes=\"(max-width: 1024px) 100vw, 1024px\" src=\"data:image\/svg+xml;base64,PHN2ZyB3aWR0aD0iMSIgaGVpZ2h0PSIxIiB4bWxucz0iaHR0cDovL3d3dy53My5vcmcvMjAwMC9zdmciPjwvc3ZnPg==\" style=\"--smush-placeholder-width: 1024px; --smush-placeholder-aspect-ratio: 1024\/682;\" \/><\/figure>\n","protected":false},"excerpt":{"rendered":"<p>Una de las nuevas bases operativas de la Agencia Nacional de Seguridad Vial se instalar\u00e1 en San Pedro, si contin\u00faan avanzando las gestiones que comenzaron desde el organismo y con el acompa\u00f1amiento de la Municipalidad de nuestra ciudad. Hoy el Intendente Cecilio Salazar junto al Director de Tr\u00e1nsito Luis Caram\u00fan, recibieron a Martin El Tahham, [&hellip;]<\/p>\n","protected":false},"author":4,"featured_media":89447,"comment_status":"open","ping_status":"closed","sticky":false,"template":"","format":"standard","meta":{"om_disable_all_campaigns":false,"_jetpack_memberships_contains_paid_content":false,"footnotes":""},"categories":[2],"tags":[],"class_list":["post-89443","post","type-post","status-publish","format-standard","has-post-thumbnail","hentry","category-locales"],"aioseo_notices":[],"gutentor_comment":0,"jetpack_featured_media_url":"https:\/\/eldiariodesanpedro.com.ar\/sitio\/wp-content\/uploads\/2021\/03\/WhatsApp-Image-2021-03-18-at-19.50.38-1.jpeg","jetpack_shortlink":"https:\/\/wp.me\/p6RhLt-ngD","jetpack_sharing_enabled":true,"_links":{"self":[{"href":"https:\/\/eldiariodesanpedro.com.ar\/sitio\/wp-json\/wp\/v2\/posts\/89443","targetHints":{"allow":["GET"]}}],"collection":[{"href":"https:\/\/eldiariodesanpedro.com.ar\/sitio\/wp-json\/wp\/v2\/posts"}],"about":[{"href":"https:\/\/eldiariodesanpedro.com.ar\/sitio\/wp-json\/wp\/v2\/types\/post"}],"author":[{"embeddable":true,"href":"https:\/\/eldiariodesanpedro.com.ar\/sitio\/wp-json\/wp\/v2\/users\/4"}],"replies":[{"embeddable":true,"href":"https:\/\/eldiariodesanpedro.com.ar\/sitio\/wp-json\/wp\/v2\/comments?post=89443"}],"version-history":[{"count":1,"href":"https:\/\/eldiariodesanpedro.com.ar\/sitio\/wp-json\/wp\/v2\/posts\/89443\/revisions"}],"predecessor-version":[{"id":89450,"href":"https:\/\/eldiariodesanpedro.com.ar\/sitio\/wp-json\/wp\/v2\/posts\/89443\/revisions\/89450"}],"wp:featuredmedia":[{"embeddable":true,"href":"https:\/\/eldiariodesanpedro.com.ar\/sitio\/wp-json\/wp\/v2\/media\/89447"}],"wp:attachment":[{"href":"https:\/\/eldiariodesanpedro.com.ar\/sitio\/wp-json\/wp\/v2\/media?parent=89443"}],"wp:term":[{"taxonomy":"category","embeddable":true,"href":"https:\/\/eldiariodesanpedro.com.ar\/sitio\/wp-json\/wp\/v2\/categories?post=89443"},{"taxonomy":"post_tag","embeddable":true,"href":"https:\/\/eldiariodesanpedro.com.ar\/sitio\/wp-json\/wp\/v2\/tags?post=89443"}],"curies":[{"name":"wp","href":"https:\/\/api.w.org\/{rel}","templated":true}]}}