{"id":89440,"date":"2021-03-18T19:47:27","date_gmt":"2021-03-18T22:47:27","guid":{"rendered":"https:\/\/eldiariodesanpedro.com.ar\/sitio\/?p=89440"},"modified":"2021-03-18T19:47:31","modified_gmt":"2021-03-18T22:47:31","slug":"brandoni-no-apoye-a-nadie-en-detrimento-de-otro-en-san-pedro","status":"publish","type":"post","link":"https:\/\/eldiariodesanpedro.com.ar\/sitio\/brandoni-no-apoye-a-nadie-en-detrimento-de-otro-en-san-pedro\/","title":{"rendered":"Brandoni: \u201cNo apoy\u00e9 a nadie en detrimento de otro en San Pedro\u201d"},"content":{"rendered":"<!-- VideographyWP Plugin Message: Automatic video embedding prevented by plugin options. -->\n\n<p>El dirigente de la UCR se meti\u00f3 en la interna local y aclar\u00f3 que haberle hecho grabar un video donde citaba al candidato Chediak obviando a Paganuchi fue aprovecharse de su buena fe.<\/p>\n\n\n\n<p>El reconocido actor y dirigente radical se enoj\u00f3. Hab\u00eda grabado un video institucional en donde se refer\u00eda a las elecciones del pr\u00f3ximo domingo e invitaba a votar a la lista que encabeza Maximiliano Abad pero a la vez hac\u00eda referencia a Diego Chediak, que es uno de los dos candidatos que tiene \u201cAdelante Buenos Aires\u201d en nuestra ciudad y el otro es Marcelo Paganuchi.<\/p>\n\n\n\n<p>Las elecciones de la Uni\u00f3n C\u00edvica Radical ven\u00edan tranquilas pero por lo acontecido con Luis Brandoni el ambiente se calde\u00f3.<\/p>\n\n\n\n<p>Es cierto que lo expresado por Brandoni en el video sonaba contradictorio desde un principio porque hablaba de \u201cir todos juntos\u201d y que \u201cnada se puede hacer solo\u201d, sin advertir que justamente en San Pedro, el sector que \u00e9l propon\u00eda lleva a dos candidatos.<\/p>\n\n\n\n<p>Al actor lo \u201cavivaron\u201d y en una charla telef\u00f3nica que mantuvo con el ex diputado Germ\u00e1n L\u00f3pez explic\u00f3 que no era su idea apoyar a un solo candidato.<\/p>\n\n\n\n<p>\u201cNo apoy\u00e9 a nadie en detrimento de otro\u201d, dijo. \u201cQue pasen estas cosas no es bueno, es una cagada, es una cosa jodida\u201d, agreg\u00f3 con la vehemencia que lo caracteriza a Brandoni.<\/p>\n\n\n\n<p>\u201cLo que me va a provocar a mi es la duda si apoyo o no apoyo a alguien, de pronto otro tipo va a usar mi nombre para su provecho propio y no es as\u00ed, yo no juego en eso, yo no tengo ninguna candidatura ni juego a nada, estoy colaborando con el partido\u201d.<\/p>\n\n\n\n<p>Ese mismo d\u00eda, el propio Germ\u00e1n L\u00f3pez, que apoya a la lista de Marcelo Paganuchi, envi\u00f3 un mensaje a los afiliados radicales proponiendo que \u201ces importante votar a quienes trabajan en proyectos para lograr ficha limpia en los pr\u00f3ximos electos (que no tengan procesos en la justicia, actores directos e indirectos que se han enriquecido con el Estado)\u201d, disparando claramente hacia el ex Intendente Mario Barbieri que est\u00e1 involucrado en dos causas judiciales.<\/p>\n\n\n\n<p>\u201cAprovecharon la buena fe de decirte dec\u00ed tal nombre\u201d, le coment\u00f3 Germ\u00e1n L\u00f3pez en la charla telef\u00f3nica. \u201cYo me comprometo a decir que Luis no sab\u00eda que hab\u00eda otro candidato de la misma lista\u201d, remarc\u00f3, a lo que Luis Brandoni respondi\u00f3, \u201cNo haces m\u00e1s que decir la verdad y te lo voy agradecer, decilo por favor\u201d.<\/p>\n\n\n\n<p>Fuenet: San Pedro informa<\/p>\n","protected":false},"excerpt":{"rendered":"<p>El dirigente de la UCR se meti\u00f3 en la interna local y aclar\u00f3 que haberle hecho grabar un video donde citaba al candidato Chediak obviando a Paganuchi fue aprovecharse de su buena fe. El reconocido actor y dirigente radical se enoj\u00f3. Hab\u00eda grabado un video institucional en donde se refer\u00eda a las elecciones del pr\u00f3ximo [&hellip;]<\/p>\n","protected":false},"author":4,"featured_media":89441,"comment_status":"open","ping_status":"closed","sticky":false,"template":"","format":"standard","meta":{"om_disable_all_campaigns":false,"_jetpack_memberships_contains_paid_content":false,"footnotes":""},"categories":[50,101,2],"tags":[],"class_list":["post-89440","post","type-post","status-publish","format-standard","has-post-thumbnail","hentry","category-destacadas","category-interes-general-locales","category-locales"],"aioseo_notices":[],"gutentor_comment":0,"jetpack_featured_media_url":"https:\/\/eldiariodesanpedro.com.ar\/sitio\/wp-content\/uploads\/2021\/03\/luis-brandoni-tiene-covid-19.jpeg","jetpack_shortlink":"https:\/\/wp.me\/p6RhLt-ngA","jetpack_sharing_enabled":true,"_links":{"self":[{"href":"https:\/\/eldiariodesanpedro.com.ar\/sitio\/wp-json\/wp\/v2\/posts\/89440","targetHints":{"allow":["GET"]}}],"collection":[{"href":"https:\/\/eldiariodesanpedro.com.ar\/sitio\/wp-json\/wp\/v2\/posts"}],"about":[{"href":"https:\/\/eldiariodesanpedro.com.ar\/sitio\/wp-json\/wp\/v2\/types\/post"}],"author":[{"embeddable":true,"href":"https:\/\/eldiariodesanpedro.com.ar\/sitio\/wp-json\/wp\/v2\/users\/4"}],"replies":[{"embeddable":true,"href":"https:\/\/eldiariodesanpedro.com.ar\/sitio\/wp-json\/wp\/v2\/comments?post=89440"}],"version-history":[{"count":1,"href":"https:\/\/eldiariodesanpedro.com.ar\/sitio\/wp-json\/wp\/v2\/posts\/89440\/revisions"}],"predecessor-version":[{"id":89442,"href":"https:\/\/eldiariodesanpedro.com.ar\/sitio\/wp-json\/wp\/v2\/posts\/89440\/revisions\/89442"}],"wp:featuredmedia":[{"embeddable":true,"href":"https:\/\/eldiariodesanpedro.com.ar\/sitio\/wp-json\/wp\/v2\/media\/89441"}],"wp:attachment":[{"href":"https:\/\/eldiariodesanpedro.com.ar\/sitio\/wp-json\/wp\/v2\/media?parent=89440"}],"wp:term":[{"taxonomy":"category","embeddable":true,"href":"https:\/\/eldiariodesanpedro.com.ar\/sitio\/wp-json\/wp\/v2\/categories?post=89440"},{"taxonomy":"post_tag","embeddable":true,"href":"https:\/\/eldiariodesanpedro.com.ar\/sitio\/wp-json\/wp\/v2\/tags?post=89440"}],"curies":[{"name":"wp","href":"https:\/\/api.w.org\/{rel}","templated":true}]}}