{"id":89435,"date":"2021-03-18T19:38:24","date_gmt":"2021-03-18T22:38:24","guid":{"rendered":"https:\/\/eldiariodesanpedro.com.ar\/sitio\/?p=89435"},"modified":"2021-03-18T19:38:28","modified_gmt":"2021-03-18T22:38:28","slug":"capacitacion-para-optimizar-el-tratamiento-de-residuos-patogenicos-en-el-hospital","status":"publish","type":"post","link":"https:\/\/eldiariodesanpedro.com.ar\/sitio\/capacitacion-para-optimizar-el-tratamiento-de-residuos-patogenicos-en-el-hospital\/","title":{"rendered":"Capacitaci\u00f3n para optimizar el tratamiento de residuos patog\u00e9nicos en el Hospital"},"content":{"rendered":"<!-- VideographyWP Plugin Message: Automatic video embedding prevented by plugin options. -->\n\n<p>La administraci\u00f3n del Hospital Emilio Ruffa coordin\u00f3 esta ma\u00f1ana una charla para todo el personal involucrado en el tratamiento de residuos patog\u00e9nicos con la presencia de un representante de la empresa Econorba, que provee este servicio al nosocomio local y a los centros de salud.<\/p>\n\n\n\n<p>Guillermo Seilla, vicepresidente de esta empresa oriunda de Salto, Provincia de Buenos Aires y dedicada a la recolecci\u00f3n, transporte e incineraci\u00f3n de residuos peligrosos, patog\u00e9nicos, industriales y especiales, y el Administrador del Hospital Silvio Jaime, fueron los encargados de la presentaci\u00f3n.<\/p>\n\n\n\n<p>El encuentro estuvo destinado al personal de enfermer\u00eda, maestranza, mantenimiento y todos aquellos auxiliares que tienen en alguno de los espacios del hospital y los centros de salud, la responsabilidad de manejar este tipo de residuos para optimizar el rendimiento de las cajas en las que se deben depositar los elementos descartados, haciendo un uso econ\u00f3mico y ecol\u00f3gico de los mismos.<\/p>\n\n\n\n<p>Los residuos patog\u00e9nicos son todos aquellos desechos o elementos materiales en estado s\u00f3lido, semis\u00f3lido o gaseoso, que presentan caracter\u00edsticas de toxicidad y\/o actividad biol\u00f3gica que puedan afectar directa o indirectamente a los seres vivos y causan contaminaci\u00f3n del suelo, del agua o la atm\u00f3sfera o el medio ambiente en general.<\/p>\n\n\n\n<p>Se explicaron las formas indicadas de utilizaci\u00f3n y se remarc\u00f3 la importancia de combinar estos residuos con otros del tipo convencional para cumplir con la disposici\u00f3n final de estos elementos.<\/p>\n\n\n\n<figure class=\"wp-block-image size-large\"><img decoding=\"async\" width=\"1024\" height=\"768\" data-attachment-id=\"89437\" data-permalink=\"https:\/\/eldiariodesanpedro.com.ar\/sitio\/capacitacion-para-optimizar-el-tratamiento-de-residuos-patogenicos-en-el-hospital\/whatsapp-image-2021-03-18-at-19-04-28-1\/\" data-orig-file=\"https:\/\/eldiariodesanpedro.com.ar\/sitio\/wp-content\/uploads\/2021\/03\/WhatsApp-Image-2021-03-18-at-19.04.28-1.jpeg\" data-orig-size=\"1032,774\" data-comments-opened=\"1\" data-image-meta=\"{&quot;aperture&quot;:&quot;0&quot;,&quot;credit&quot;:&quot;&quot;,&quot;camera&quot;:&quot;&quot;,&quot;caption&quot;:&quot;&quot;,&quot;created_timestamp&quot;:&quot;0&quot;,&quot;copyright&quot;:&quot;&quot;,&quot;focal_length&quot;:&quot;0&quot;,&quot;iso&quot;:&quot;0&quot;,&quot;shutter_speed&quot;:&quot;0&quot;,&quot;title&quot;:&quot;&quot;,&quot;orientation&quot;:&quot;0&quot;}\" data-image-title=\"WhatsApp Image 2021-03-18 at 19.04.28 (1)\" data-image-description=\"\" data-image-caption=\"\" data-large-file=\"https:\/\/eldiariodesanpedro.com.ar\/sitio\/wp-content\/uploads\/2021\/03\/WhatsApp-Image-2021-03-18-at-19.04.28-1-1024x768.jpeg\" data-src=\"https:\/\/eldiariodesanpedro.com.ar\/sitio\/wp-content\/uploads\/2021\/03\/WhatsApp-Image-2021-03-18-at-19.04.28-1-1024x768.jpeg\" alt=\"\" class=\"wp-image-89437 lazyload\" data-srcset=\"https:\/\/eldiariodesanpedro.com.ar\/sitio\/wp-content\/uploads\/2021\/03\/WhatsApp-Image-2021-03-18-at-19.04.28-1-1024x768.jpeg 1024w, https:\/\/eldiariodesanpedro.com.ar\/sitio\/wp-content\/uploads\/2021\/03\/WhatsApp-Image-2021-03-18-at-19.04.28-1-300x225.jpeg 300w, https:\/\/eldiariodesanpedro.com.ar\/sitio\/wp-content\/uploads\/2021\/03\/WhatsApp-Image-2021-03-18-at-19.04.28-1-768x576.jpeg 768w, https:\/\/eldiariodesanpedro.com.ar\/sitio\/wp-content\/uploads\/2021\/03\/WhatsApp-Image-2021-03-18-at-19.04.28-1-500x375.jpeg 500w, https:\/\/eldiariodesanpedro.com.ar\/sitio\/wp-content\/uploads\/2021\/03\/WhatsApp-Image-2021-03-18-at-19.04.28-1.jpeg 1032w\" data-sizes=\"(max-width: 1024px) 100vw, 1024px\" src=\"data:image\/svg+xml;base64,PHN2ZyB3aWR0aD0iMSIgaGVpZ2h0PSIxIiB4bWxucz0iaHR0cDovL3d3dy53My5vcmcvMjAwMC9zdmciPjwvc3ZnPg==\" style=\"--smush-placeholder-width: 1024px; --smush-placeholder-aspect-ratio: 1024\/768;\" \/><\/figure>\n\n\n\n<figure class=\"wp-block-image size-large\"><img decoding=\"async\" width=\"1024\" height=\"768\" data-attachment-id=\"89438\" data-permalink=\"https:\/\/eldiariodesanpedro.com.ar\/sitio\/capacitacion-para-optimizar-el-tratamiento-de-residuos-patogenicos-en-el-hospital\/whatsapp-image-2021-03-18-at-19-04-28\/\" data-orig-file=\"https:\/\/eldiariodesanpedro.com.ar\/sitio\/wp-content\/uploads\/2021\/03\/WhatsApp-Image-2021-03-18-at-19.04.28.jpeg\" data-orig-size=\"1032,774\" data-comments-opened=\"1\" data-image-meta=\"{&quot;aperture&quot;:&quot;0&quot;,&quot;credit&quot;:&quot;&quot;,&quot;camera&quot;:&quot;&quot;,&quot;caption&quot;:&quot;&quot;,&quot;created_timestamp&quot;:&quot;0&quot;,&quot;copyright&quot;:&quot;&quot;,&quot;focal_length&quot;:&quot;0&quot;,&quot;iso&quot;:&quot;0&quot;,&quot;shutter_speed&quot;:&quot;0&quot;,&quot;title&quot;:&quot;&quot;,&quot;orientation&quot;:&quot;0&quot;}\" data-image-title=\"WhatsApp Image 2021-03-18 at 19.04.28\" data-image-description=\"\" data-image-caption=\"\" data-large-file=\"https:\/\/eldiariodesanpedro.com.ar\/sitio\/wp-content\/uploads\/2021\/03\/WhatsApp-Image-2021-03-18-at-19.04.28-1024x768.jpeg\" data-src=\"https:\/\/eldiariodesanpedro.com.ar\/sitio\/wp-content\/uploads\/2021\/03\/WhatsApp-Image-2021-03-18-at-19.04.28-1024x768.jpeg\" alt=\"\" class=\"wp-image-89438 lazyload\" data-srcset=\"https:\/\/eldiariodesanpedro.com.ar\/sitio\/wp-content\/uploads\/2021\/03\/WhatsApp-Image-2021-03-18-at-19.04.28-1024x768.jpeg 1024w, https:\/\/eldiariodesanpedro.com.ar\/sitio\/wp-content\/uploads\/2021\/03\/WhatsApp-Image-2021-03-18-at-19.04.28-300x225.jpeg 300w, https:\/\/eldiariodesanpedro.com.ar\/sitio\/wp-content\/uploads\/2021\/03\/WhatsApp-Image-2021-03-18-at-19.04.28-768x576.jpeg 768w, https:\/\/eldiariodesanpedro.com.ar\/sitio\/wp-content\/uploads\/2021\/03\/WhatsApp-Image-2021-03-18-at-19.04.28-500x375.jpeg 500w, https:\/\/eldiariodesanpedro.com.ar\/sitio\/wp-content\/uploads\/2021\/03\/WhatsApp-Image-2021-03-18-at-19.04.28.jpeg 1032w\" data-sizes=\"(max-width: 1024px) 100vw, 1024px\" src=\"data:image\/svg+xml;base64,PHN2ZyB3aWR0aD0iMSIgaGVpZ2h0PSIxIiB4bWxucz0iaHR0cDovL3d3dy53My5vcmcvMjAwMC9zdmciPjwvc3ZnPg==\" style=\"--smush-placeholder-width: 1024px; --smush-placeholder-aspect-ratio: 1024\/768;\" \/><\/figure>\n","protected":false},"excerpt":{"rendered":"<p>La administraci\u00f3n del Hospital Emilio Ruffa coordin\u00f3 esta ma\u00f1ana una charla para todo el personal involucrado en el tratamiento de residuos patog\u00e9nicos con la presencia de un representante de la empresa Econorba, que provee este servicio al nosocomio local y a los centros de salud. Guillermo Seilla, vicepresidente de esta empresa oriunda de Salto, Provincia [&hellip;]<\/p>\n","protected":false},"author":4,"featured_media":89436,"comment_status":"open","ping_status":"closed","sticky":false,"template":"","format":"standard","meta":{"om_disable_all_campaigns":false,"_jetpack_memberships_contains_paid_content":false,"footnotes":""},"categories":[101,2],"tags":[],"class_list":["post-89435","post","type-post","status-publish","format-standard","has-post-thumbnail","hentry","category-interes-general-locales","category-locales"],"aioseo_notices":[],"gutentor_comment":0,"jetpack_featured_media_url":"https:\/\/eldiariodesanpedro.com.ar\/sitio\/wp-content\/uploads\/2021\/03\/WhatsApp-Image-2021-03-18-at-19.04.27.jpeg","jetpack_shortlink":"https:\/\/wp.me\/p6RhLt-ngv","jetpack_sharing_enabled":true,"_links":{"self":[{"href":"https:\/\/eldiariodesanpedro.com.ar\/sitio\/wp-json\/wp\/v2\/posts\/89435","targetHints":{"allow":["GET"]}}],"collection":[{"href":"https:\/\/eldiariodesanpedro.com.ar\/sitio\/wp-json\/wp\/v2\/posts"}],"about":[{"href":"https:\/\/eldiariodesanpedro.com.ar\/sitio\/wp-json\/wp\/v2\/types\/post"}],"author":[{"embeddable":true,"href":"https:\/\/eldiariodesanpedro.com.ar\/sitio\/wp-json\/wp\/v2\/users\/4"}],"replies":[{"embeddable":true,"href":"https:\/\/eldiariodesanpedro.com.ar\/sitio\/wp-json\/wp\/v2\/comments?post=89435"}],"version-history":[{"count":1,"href":"https:\/\/eldiariodesanpedro.com.ar\/sitio\/wp-json\/wp\/v2\/posts\/89435\/revisions"}],"predecessor-version":[{"id":89439,"href":"https:\/\/eldiariodesanpedro.com.ar\/sitio\/wp-json\/wp\/v2\/posts\/89435\/revisions\/89439"}],"wp:featuredmedia":[{"embeddable":true,"href":"https:\/\/eldiariodesanpedro.com.ar\/sitio\/wp-json\/wp\/v2\/media\/89436"}],"wp:attachment":[{"href":"https:\/\/eldiariodesanpedro.com.ar\/sitio\/wp-json\/wp\/v2\/media?parent=89435"}],"wp:term":[{"taxonomy":"category","embeddable":true,"href":"https:\/\/eldiariodesanpedro.com.ar\/sitio\/wp-json\/wp\/v2\/categories?post=89435"},{"taxonomy":"post_tag","embeddable":true,"href":"https:\/\/eldiariodesanpedro.com.ar\/sitio\/wp-json\/wp\/v2\/tags?post=89435"}],"curies":[{"name":"wp","href":"https:\/\/api.w.org\/{rel}","templated":true}]}}