{"id":8943,"date":"2016-10-18T19:09:27","date_gmt":"2016-10-18T22:09:27","guid":{"rendered":"https:\/\/eldiariodesanpedro.com.ar\/sitio\/?p=8943"},"modified":"2016-10-18T19:09:27","modified_gmt":"2016-10-18T22:09:27","slug":"se-secuestraron-15-motos-durante-varios-operativos","status":"publish","type":"post","link":"https:\/\/eldiariodesanpedro.com.ar\/sitio\/se-secuestraron-15-motos-durante-varios-operativos\/","title":{"rendered":"Se secuestraron 15 motos durante varios operativos"},"content":{"rendered":"<p><!-- VideographyWP Plugin Message: Automatic video embedding prevented by plugin options. --><br \/>\nContinuando con los trabajos que lleva adelante la Direcci\u00f3n de Tr\u00e1nsito que dirige \u00c1ngel Burgos, personal del \u00e1rea cumpli\u00f3 con diferentes operativos en diversos puntos de la ciudad durante el d\u00eda de ayer.<br \/>\nEn total secuestraron 15 motocicletas porque los conductores circulaban sin el casco protector obligatorio o sin documentaci\u00f3n. <\/p>\n","protected":false},"excerpt":{"rendered":"<p>Continuando con los trabajos que lleva adelante la Direcci\u00f3n de Tr\u00e1nsito que dirige \u00c1ngel Burgos, personal del \u00e1rea cumpli\u00f3 con diferentes operativos en diversos puntos de la ciudad durante el d\u00eda de ayer. En total secuestraron 15 motocicletas porque los conductores circulaban sin el casco protector obligatorio o sin documentaci\u00f3n.<\/p>\n","protected":false},"author":4,"featured_media":8944,"comment_status":"open","ping_status":"closed","sticky":false,"template":"","format":"standard","meta":{"om_disable_all_campaigns":false,"_jetpack_memberships_contains_paid_content":false,"footnotes":""},"categories":[101,2],"tags":[],"class_list":["post-8943","post","type-post","status-publish","format-standard","has-post-thumbnail","hentry","category-interes-general-locales","category-locales"],"aioseo_notices":[],"gutentor_comment":0,"jetpack_featured_media_url":"https:\/\/eldiariodesanpedro.com.ar\/sitio\/wp-content\/uploads\/2016\/10\/MotosSecuestradas.jpg","jetpack_shortlink":"https:\/\/wp.me\/p6RhLt-2kf","jetpack_sharing_enabled":true,"_links":{"self":[{"href":"https:\/\/eldiariodesanpedro.com.ar\/sitio\/wp-json\/wp\/v2\/posts\/8943","targetHints":{"allow":["GET"]}}],"collection":[{"href":"https:\/\/eldiariodesanpedro.com.ar\/sitio\/wp-json\/wp\/v2\/posts"}],"about":[{"href":"https:\/\/eldiariodesanpedro.com.ar\/sitio\/wp-json\/wp\/v2\/types\/post"}],"author":[{"embeddable":true,"href":"https:\/\/eldiariodesanpedro.com.ar\/sitio\/wp-json\/wp\/v2\/users\/4"}],"replies":[{"embeddable":true,"href":"https:\/\/eldiariodesanpedro.com.ar\/sitio\/wp-json\/wp\/v2\/comments?post=8943"}],"version-history":[{"count":1,"href":"https:\/\/eldiariodesanpedro.com.ar\/sitio\/wp-json\/wp\/v2\/posts\/8943\/revisions"}],"predecessor-version":[{"id":8945,"href":"https:\/\/eldiariodesanpedro.com.ar\/sitio\/wp-json\/wp\/v2\/posts\/8943\/revisions\/8945"}],"wp:featuredmedia":[{"embeddable":true,"href":"https:\/\/eldiariodesanpedro.com.ar\/sitio\/wp-json\/wp\/v2\/media\/8944"}],"wp:attachment":[{"href":"https:\/\/eldiariodesanpedro.com.ar\/sitio\/wp-json\/wp\/v2\/media?parent=8943"}],"wp:term":[{"taxonomy":"category","embeddable":true,"href":"https:\/\/eldiariodesanpedro.com.ar\/sitio\/wp-json\/wp\/v2\/categories?post=8943"},{"taxonomy":"post_tag","embeddable":true,"href":"https:\/\/eldiariodesanpedro.com.ar\/sitio\/wp-json\/wp\/v2\/tags?post=8943"}],"curies":[{"name":"wp","href":"https:\/\/api.w.org\/{rel}","templated":true}]}}