{"id":89426,"date":"2021-03-18T19:28:56","date_gmt":"2021-03-18T22:28:56","guid":{"rendered":"https:\/\/eldiariodesanpedro.com.ar\/sitio\/?p=89426"},"modified":"2021-03-18T19:28:57","modified_gmt":"2021-03-18T22:28:57","slug":"feriado-del-24-de-marzo-y-semana-santa","status":"publish","type":"post","link":"https:\/\/eldiariodesanpedro.com.ar\/sitio\/feriado-del-24-de-marzo-y-semana-santa\/","title":{"rendered":"Feriado del 24 de marzo y Semana Santa"},"content":{"rendered":"<!-- VideographyWP Plugin Message: Automatic video embedding prevented by plugin options. -->\n\n<p>El Centro de Comercio Industria y Turismo de San Pedro informa que el pr\u00f3ximo mi\u00e9rcoles 24 de marzo,<strong>\u00a0\u00abD\u00eda Nacional de la Memoria por la Verdad y la Justicia\u00bb\u00a0<\/strong>est\u00e1 dentro del calendario de feriados inamovibles establecidos por ley,\u00a0 por lo tanto ser\u00e1 d\u00eda no laborable y sin actividad.<\/p>\n\n\n\n<p>Con relaci\u00f3n a la Semana Santa y el feriado del&nbsp;<strong>D\u00eda del Veterano y de los Ca\u00eddos en la Guerra de Malvinas<\/strong>, cabe destacar que el Jueves Santo es d\u00eda no laboral y el viernes 2 de abril y aniversario del inicio de la guerra de las Islas Malvinas es feriado nacional.&nbsp;En los feriados nacionales rigen las normas legales sobre el descanso dominical y en los d\u00edas no laborables, el trabajo ser\u00e1 optativo.<\/p>\n","protected":false},"excerpt":{"rendered":"<p>El Centro de Comercio Industria y Turismo de San Pedro informa que el pr\u00f3ximo mi\u00e9rcoles 24 de marzo,\u00a0\u00abD\u00eda Nacional de la Memoria por la Verdad y la Justicia\u00bb\u00a0est\u00e1 dentro del calendario de feriados inamovibles establecidos por ley,\u00a0 por lo tanto ser\u00e1 d\u00eda no laborable y sin actividad. Con relaci\u00f3n a la Semana Santa y el [&hellip;]<\/p>\n","protected":false},"author":4,"featured_media":89427,"comment_status":"open","ping_status":"closed","sticky":false,"template":"","format":"standard","meta":{"om_disable_all_campaigns":false,"_jetpack_memberships_contains_paid_content":false,"footnotes":""},"categories":[101,2],"tags":[],"class_list":["post-89426","post","type-post","status-publish","format-standard","has-post-thumbnail","hentry","category-interes-general-locales","category-locales"],"aioseo_notices":[],"gutentor_comment":0,"jetpack_featured_media_url":"https:\/\/eldiariodesanpedro.com.ar\/sitio\/wp-content\/uploads\/2021\/03\/FERIADOS2021.jpg","jetpack_shortlink":"https:\/\/wp.me\/p6RhLt-ngm","jetpack_sharing_enabled":true,"_links":{"self":[{"href":"https:\/\/eldiariodesanpedro.com.ar\/sitio\/wp-json\/wp\/v2\/posts\/89426","targetHints":{"allow":["GET"]}}],"collection":[{"href":"https:\/\/eldiariodesanpedro.com.ar\/sitio\/wp-json\/wp\/v2\/posts"}],"about":[{"href":"https:\/\/eldiariodesanpedro.com.ar\/sitio\/wp-json\/wp\/v2\/types\/post"}],"author":[{"embeddable":true,"href":"https:\/\/eldiariodesanpedro.com.ar\/sitio\/wp-json\/wp\/v2\/users\/4"}],"replies":[{"embeddable":true,"href":"https:\/\/eldiariodesanpedro.com.ar\/sitio\/wp-json\/wp\/v2\/comments?post=89426"}],"version-history":[{"count":1,"href":"https:\/\/eldiariodesanpedro.com.ar\/sitio\/wp-json\/wp\/v2\/posts\/89426\/revisions"}],"predecessor-version":[{"id":89428,"href":"https:\/\/eldiariodesanpedro.com.ar\/sitio\/wp-json\/wp\/v2\/posts\/89426\/revisions\/89428"}],"wp:featuredmedia":[{"embeddable":true,"href":"https:\/\/eldiariodesanpedro.com.ar\/sitio\/wp-json\/wp\/v2\/media\/89427"}],"wp:attachment":[{"href":"https:\/\/eldiariodesanpedro.com.ar\/sitio\/wp-json\/wp\/v2\/media?parent=89426"}],"wp:term":[{"taxonomy":"category","embeddable":true,"href":"https:\/\/eldiariodesanpedro.com.ar\/sitio\/wp-json\/wp\/v2\/categories?post=89426"},{"taxonomy":"post_tag","embeddable":true,"href":"https:\/\/eldiariodesanpedro.com.ar\/sitio\/wp-json\/wp\/v2\/tags?post=89426"}],"curies":[{"name":"wp","href":"https:\/\/api.w.org\/{rel}","templated":true}]}}