{"id":8941,"date":"2016-10-18T18:53:09","date_gmt":"2016-10-18T21:53:09","guid":{"rendered":"https:\/\/eldiariodesanpedro.com.ar\/sitio\/?p=8941"},"modified":"2016-10-18T18:53:09","modified_gmt":"2016-10-18T21:53:09","slug":"hasta-el-1o-de-septiembre-anses-lleva-pagado-12-872-124-53346","status":"publish","type":"post","link":"https:\/\/eldiariodesanpedro.com.ar\/sitio\/hasta-el-1o-de-septiembre-anses-lleva-pagado-12-872-124-53346\/","title":{"rendered":"Hasta el 1\u00ba de septiembre ANSES lleva pagado $12.872.124.533,46"},"content":{"rendered":"<p><!-- VideographyWP Plugin Message: Automatic video embedding prevented by plugin options. --><br \/>\nLa ANSES informa que en lo que va de 2016, ya puso al pago 31.227 retroactivos de sentencias jubilatorias por un monto total bruto de $12.872.124.533,46.<br \/>\nEn este marco, y luego de los controles y validaciones de rutina, desde el viernes 14 de octubre se comenzaron a abonar 3.685 retroactividades resueltas entre el 6 de agosto y el 1ro. de septiembre, representando un monto total bruto de $ 1.765.560.052,32.<br \/>\nAdem\u00e1s, en dicho per\u00edodo, 458 casos no beneficiaron y en 135 casos s\u00f3lo se produjo cambio de haber.<\/p>\n","protected":false},"excerpt":{"rendered":"<p>La ANSES informa que en lo que va de 2016, ya puso al pago 31.227 retroactivos de sentencias jubilatorias por un monto total bruto de $12.872.124.533,46. En este marco, y luego de los controles y validaciones de rutina, desde el viernes 14 de octubre se comenzaron a abonar 3.685 retroactividades resueltas entre el 6 de [&hellip;]<\/p>\n","protected":false},"author":4,"featured_media":3600,"comment_status":"open","ping_status":"closed","sticky":false,"template":"","format":"standard","meta":{"om_disable_all_campaigns":false,"_jetpack_memberships_contains_paid_content":false,"footnotes":""},"categories":[101,2],"tags":[],"class_list":["post-8941","post","type-post","status-publish","format-standard","has-post-thumbnail","hentry","category-interes-general-locales","category-locales"],"aioseo_notices":[],"gutentor_comment":0,"jetpack_featured_media_url":"https:\/\/eldiariodesanpedro.com.ar\/sitio\/wp-content\/uploads\/2016\/04\/jubilados.jpg","jetpack_shortlink":"https:\/\/wp.me\/p6RhLt-2kd","jetpack_sharing_enabled":true,"_links":{"self":[{"href":"https:\/\/eldiariodesanpedro.com.ar\/sitio\/wp-json\/wp\/v2\/posts\/8941","targetHints":{"allow":["GET"]}}],"collection":[{"href":"https:\/\/eldiariodesanpedro.com.ar\/sitio\/wp-json\/wp\/v2\/posts"}],"about":[{"href":"https:\/\/eldiariodesanpedro.com.ar\/sitio\/wp-json\/wp\/v2\/types\/post"}],"author":[{"embeddable":true,"href":"https:\/\/eldiariodesanpedro.com.ar\/sitio\/wp-json\/wp\/v2\/users\/4"}],"replies":[{"embeddable":true,"href":"https:\/\/eldiariodesanpedro.com.ar\/sitio\/wp-json\/wp\/v2\/comments?post=8941"}],"version-history":[{"count":1,"href":"https:\/\/eldiariodesanpedro.com.ar\/sitio\/wp-json\/wp\/v2\/posts\/8941\/revisions"}],"predecessor-version":[{"id":8942,"href":"https:\/\/eldiariodesanpedro.com.ar\/sitio\/wp-json\/wp\/v2\/posts\/8941\/revisions\/8942"}],"wp:featuredmedia":[{"embeddable":true,"href":"https:\/\/eldiariodesanpedro.com.ar\/sitio\/wp-json\/wp\/v2\/media\/3600"}],"wp:attachment":[{"href":"https:\/\/eldiariodesanpedro.com.ar\/sitio\/wp-json\/wp\/v2\/media?parent=8941"}],"wp:term":[{"taxonomy":"category","embeddable":true,"href":"https:\/\/eldiariodesanpedro.com.ar\/sitio\/wp-json\/wp\/v2\/categories?post=8941"},{"taxonomy":"post_tag","embeddable":true,"href":"https:\/\/eldiariodesanpedro.com.ar\/sitio\/wp-json\/wp\/v2\/tags?post=8941"}],"curies":[{"name":"wp","href":"https:\/\/api.w.org\/{rel}","templated":true}]}}