{"id":89406,"date":"2021-03-18T12:20:27","date_gmt":"2021-03-18T15:20:27","guid":{"rendered":"https:\/\/eldiariodesanpedro.com.ar\/sitio\/?p=89406"},"modified":"2021-03-18T12:20:31","modified_gmt":"2021-03-18T15:20:31","slug":"campana-murio-un-joven-motociclista-tras-violento-accidente","status":"publish","type":"post","link":"https:\/\/eldiariodesanpedro.com.ar\/sitio\/campana-murio-un-joven-motociclista-tras-violento-accidente\/","title":{"rendered":"CAMPANA | Muri\u00f3 un joven motociclista tras violento accidente"},"content":{"rendered":"<!-- VideographyWP Plugin Message: Automatic video embedding prevented by plugin options. -->\n\n<p><strong>Desde el hospital San Jos\u00e9 de Campana se inform\u00f3 el fallecimiento de uno de los j\u00f3venes que esta tarde protagoniz\u00f3 un violento accidente donde la moto en la que circulaban impact\u00f3 con un Volkswagen Bora en la intersecci\u00f3n de las calles Villegas y Las Heras.&nbsp;<\/strong><\/p>\n\n\n\n<p>Ambos fueron trasladados al nosocomio campanense, el primero por un m\u00f3vil del SAME y el otro sujeto por un m\u00f3vil policial del Comando.<\/p>\n\n\n\n<p>En el lugar se secuestr\u00f3 un arma de fuego perteneciente a uno de los motociclistas. En el caso interviene la UFI Y J N\u00b0 2 que caratul\u00f3 la causa como Homicidio Culposo.<\/p>\n\n\n\n<p>Fuente: Campanense Diario <\/p>\n\n\n\n<figure class=\"wp-block-image size-large\"><img decoding=\"async\" width=\"960\" height=\"720\" data-attachment-id=\"89408\" data-permalink=\"https:\/\/eldiariodesanpedro.com.ar\/sitio\/campana-murio-un-joven-motociclista-tras-violento-accidente\/accidente-y-muerte-2\/\" data-orig-file=\"https:\/\/eldiariodesanpedro.com.ar\/sitio\/wp-content\/uploads\/2021\/03\/accidente-y-muerte-2.jpg\" data-orig-size=\"960,720\" data-comments-opened=\"1\" data-image-meta=\"{&quot;aperture&quot;:&quot;0&quot;,&quot;credit&quot;:&quot;&quot;,&quot;camera&quot;:&quot;&quot;,&quot;caption&quot;:&quot;&quot;,&quot;created_timestamp&quot;:&quot;0&quot;,&quot;copyright&quot;:&quot;&quot;,&quot;focal_length&quot;:&quot;0&quot;,&quot;iso&quot;:&quot;0&quot;,&quot;shutter_speed&quot;:&quot;0&quot;,&quot;title&quot;:&quot;&quot;,&quot;orientation&quot;:&quot;0&quot;}\" data-image-title=\"accidente-y-muerte-2\" data-image-description=\"\" data-image-caption=\"\" data-large-file=\"https:\/\/eldiariodesanpedro.com.ar\/sitio\/wp-content\/uploads\/2021\/03\/accidente-y-muerte-2.jpg\" data-src=\"https:\/\/eldiariodesanpedro.com.ar\/sitio\/wp-content\/uploads\/2021\/03\/accidente-y-muerte-2.jpg\" alt=\"\" class=\"wp-image-89408 lazyload\" data-srcset=\"https:\/\/eldiariodesanpedro.com.ar\/sitio\/wp-content\/uploads\/2021\/03\/accidente-y-muerte-2.jpg 960w, https:\/\/eldiariodesanpedro.com.ar\/sitio\/wp-content\/uploads\/2021\/03\/accidente-y-muerte-2-300x225.jpg 300w, https:\/\/eldiariodesanpedro.com.ar\/sitio\/wp-content\/uploads\/2021\/03\/accidente-y-muerte-2-768x576.jpg 768w, https:\/\/eldiariodesanpedro.com.ar\/sitio\/wp-content\/uploads\/2021\/03\/accidente-y-muerte-2-500x375.jpg 500w\" data-sizes=\"(max-width: 960px) 100vw, 960px\" src=\"data:image\/svg+xml;base64,PHN2ZyB3aWR0aD0iMSIgaGVpZ2h0PSIxIiB4bWxucz0iaHR0cDovL3d3dy53My5vcmcvMjAwMC9zdmciPjwvc3ZnPg==\" style=\"--smush-placeholder-width: 960px; --smush-placeholder-aspect-ratio: 960\/720;\" \/><\/figure>\n","protected":false},"excerpt":{"rendered":"<p>Desde el hospital San Jos\u00e9 de Campana se inform\u00f3 el fallecimiento de uno de los j\u00f3venes que esta tarde protagoniz\u00f3 un violento accidente donde la moto en la que circulaban impact\u00f3 con un Volkswagen Bora en la intersecci\u00f3n de las calles Villegas y Las Heras.&nbsp; Ambos fueron trasladados al nosocomio campanense, el primero por un [&hellip;]<\/p>\n","protected":false},"author":4,"featured_media":89407,"comment_status":"open","ping_status":"closed","sticky":false,"template":"","format":"standard","meta":{"om_disable_all_campaigns":false,"_jetpack_memberships_contains_paid_content":false,"footnotes":""},"categories":[621],"tags":[],"class_list":["post-89406","post","type-post","status-publish","format-standard","has-post-thumbnail","hentry","category-regionales"],"aioseo_notices":[],"gutentor_comment":0,"jetpack_featured_media_url":"https:\/\/eldiariodesanpedro.com.ar\/sitio\/wp-content\/uploads\/2021\/03\/accidente-y-muerte-1.jpg","jetpack_shortlink":"https:\/\/wp.me\/p6RhLt-ng2","jetpack_sharing_enabled":true,"_links":{"self":[{"href":"https:\/\/eldiariodesanpedro.com.ar\/sitio\/wp-json\/wp\/v2\/posts\/89406","targetHints":{"allow":["GET"]}}],"collection":[{"href":"https:\/\/eldiariodesanpedro.com.ar\/sitio\/wp-json\/wp\/v2\/posts"}],"about":[{"href":"https:\/\/eldiariodesanpedro.com.ar\/sitio\/wp-json\/wp\/v2\/types\/post"}],"author":[{"embeddable":true,"href":"https:\/\/eldiariodesanpedro.com.ar\/sitio\/wp-json\/wp\/v2\/users\/4"}],"replies":[{"embeddable":true,"href":"https:\/\/eldiariodesanpedro.com.ar\/sitio\/wp-json\/wp\/v2\/comments?post=89406"}],"version-history":[{"count":1,"href":"https:\/\/eldiariodesanpedro.com.ar\/sitio\/wp-json\/wp\/v2\/posts\/89406\/revisions"}],"predecessor-version":[{"id":89409,"href":"https:\/\/eldiariodesanpedro.com.ar\/sitio\/wp-json\/wp\/v2\/posts\/89406\/revisions\/89409"}],"wp:featuredmedia":[{"embeddable":true,"href":"https:\/\/eldiariodesanpedro.com.ar\/sitio\/wp-json\/wp\/v2\/media\/89407"}],"wp:attachment":[{"href":"https:\/\/eldiariodesanpedro.com.ar\/sitio\/wp-json\/wp\/v2\/media?parent=89406"}],"wp:term":[{"taxonomy":"category","embeddable":true,"href":"https:\/\/eldiariodesanpedro.com.ar\/sitio\/wp-json\/wp\/v2\/categories?post=89406"},{"taxonomy":"post_tag","embeddable":true,"href":"https:\/\/eldiariodesanpedro.com.ar\/sitio\/wp-json\/wp\/v2\/tags?post=89406"}],"curies":[{"name":"wp","href":"https:\/\/api.w.org\/{rel}","templated":true}]}}