{"id":89403,"date":"2021-03-18T12:18:30","date_gmt":"2021-03-18T15:18:30","guid":{"rendered":"https:\/\/eldiariodesanpedro.com.ar\/sitio\/?p=89403"},"modified":"2021-03-18T12:18:34","modified_gmt":"2021-03-18T15:18:34","slug":"arrecifes-allanamientos-por-la-desaparicion-de-eliana-furi","status":"publish","type":"post","link":"https:\/\/eldiariodesanpedro.com.ar\/sitio\/arrecifes-allanamientos-por-la-desaparicion-de-eliana-furi\/","title":{"rendered":"ARRECIFES | Allanamientos por la desaparici\u00f3n de Eliana Furi"},"content":{"rendered":"<!-- VideographyWP Plugin Message: Automatic video embedding prevented by plugin options. -->\n\n<p>A punto de cumplirse dos semanas de la desaparici\u00f3n de la joven Eliana Furi, en Capit\u00e1n Sarmiento, la polic\u00eda realiz\u00f3 algunos allanamientos en la vecina ciudad en el atardecer de este mi\u00e9rcoles.<\/p>\n\n\n\n<p>Los mismos fueron ordenados por la Fiscal\u00eda que interviene en el caso y estar\u00edan basados en testimonios de familiares y vecinos de la joven de 17 a\u00f1os de edad.<\/p>\n\n\n\n<p>Desde el 4 de marzo, cuando Eliana se dirigi\u00f3 desde su casa a la escuela, no se supo m\u00e1s de ella ni existe indicio alguno sobre su paradero.<\/p>\n\n\n\n<p>Seg\u00fan trascendi\u00f3 en las \u00faltimas horas, fuentes de la investigaci\u00f3n manifestaron que \u201cse habr\u00edan encontrado elementos que pueden ser de inter\u00e9s para la causa\u201d en los allanamientos.<a rel=\"noreferrer noopener\" href=\"https:\/\/www.facebook.com\/dialog\/send?app_id=140586622674265&amp;link=https%3A%2F%2Farrecifesnoticias.com%2Fnacionales%2Fallanamientos-por-la-desaparicion-de-eliana-furi%2F&amp;redirect_uri=https%3A%2F%2Farrecifesnoticias.com%2Fnacionales%2Fallanamientos-por-la-desaparicion-de-eliana-furi%2F\" target=\"_blank\"><\/a><\/p>\n\n\n\n<p>Fuente: <a href=\"https:\/\/arrecifesnoticias.com\/nacionales\/allanamientos-por-la-desaparicion-de-eliana-furi\/\">Arrecifes Noticias<\/a><\/p>\n","protected":false},"excerpt":{"rendered":"<p>A punto de cumplirse dos semanas de la desaparici\u00f3n de la joven Eliana Furi, en Capit\u00e1n Sarmiento, la polic\u00eda realiz\u00f3 algunos allanamientos en la vecina ciudad en el atardecer de este mi\u00e9rcoles. Los mismos fueron ordenados por la Fiscal\u00eda que interviene en el caso y estar\u00edan basados en testimonios de familiares y vecinos de la [&hellip;]<\/p>\n","protected":false},"author":4,"featured_media":89404,"comment_status":"open","ping_status":"closed","sticky":false,"template":"","format":"standard","meta":{"om_disable_all_campaigns":false,"_jetpack_memberships_contains_paid_content":false,"footnotes":""},"categories":[621],"tags":[],"class_list":["post-89403","post","type-post","status-publish","format-standard","has-post-thumbnail","hentry","category-regionales"],"aioseo_notices":[],"gutentor_comment":0,"jetpack_featured_media_url":"https:\/\/eldiariodesanpedro.com.ar\/sitio\/wp-content\/uploads\/2021\/03\/Eliana-Furi-Sarmiento-C5N-842x510-1.png","jetpack_shortlink":"https:\/\/wp.me\/p6RhLt-nfZ","jetpack_sharing_enabled":true,"_links":{"self":[{"href":"https:\/\/eldiariodesanpedro.com.ar\/sitio\/wp-json\/wp\/v2\/posts\/89403","targetHints":{"allow":["GET"]}}],"collection":[{"href":"https:\/\/eldiariodesanpedro.com.ar\/sitio\/wp-json\/wp\/v2\/posts"}],"about":[{"href":"https:\/\/eldiariodesanpedro.com.ar\/sitio\/wp-json\/wp\/v2\/types\/post"}],"author":[{"embeddable":true,"href":"https:\/\/eldiariodesanpedro.com.ar\/sitio\/wp-json\/wp\/v2\/users\/4"}],"replies":[{"embeddable":true,"href":"https:\/\/eldiariodesanpedro.com.ar\/sitio\/wp-json\/wp\/v2\/comments?post=89403"}],"version-history":[{"count":1,"href":"https:\/\/eldiariodesanpedro.com.ar\/sitio\/wp-json\/wp\/v2\/posts\/89403\/revisions"}],"predecessor-version":[{"id":89405,"href":"https:\/\/eldiariodesanpedro.com.ar\/sitio\/wp-json\/wp\/v2\/posts\/89403\/revisions\/89405"}],"wp:featuredmedia":[{"embeddable":true,"href":"https:\/\/eldiariodesanpedro.com.ar\/sitio\/wp-json\/wp\/v2\/media\/89404"}],"wp:attachment":[{"href":"https:\/\/eldiariodesanpedro.com.ar\/sitio\/wp-json\/wp\/v2\/media?parent=89403"}],"wp:term":[{"taxonomy":"category","embeddable":true,"href":"https:\/\/eldiariodesanpedro.com.ar\/sitio\/wp-json\/wp\/v2\/categories?post=89403"},{"taxonomy":"post_tag","embeddable":true,"href":"https:\/\/eldiariodesanpedro.com.ar\/sitio\/wp-json\/wp\/v2\/tags?post=89403"}],"curies":[{"name":"wp","href":"https:\/\/api.w.org\/{rel}","templated":true}]}}