{"id":89386,"date":"2021-03-18T10:38:16","date_gmt":"2021-03-18T13:38:16","guid":{"rendered":"https:\/\/eldiariodesanpedro.com.ar\/sitio\/?p=89386"},"modified":"2021-03-18T10:38:22","modified_gmt":"2021-03-18T13:38:22","slug":"un-aprehendido-con-estupefacientes-en-la-via-publica","status":"publish","type":"post","link":"https:\/\/eldiariodesanpedro.com.ar\/sitio\/un-aprehendido-con-estupefacientes-en-la-via-publica\/","title":{"rendered":"Un aprehendido con estupefacientes en la v\u00eda p\u00fablica"},"content":{"rendered":"<!-- VideographyWP Plugin Message: Automatic video embedding prevented by plugin options. -->\n\n<p>En calle Manuel Iglesias al 1200 se hace presente un m\u00f3vil policial aprehenden a dos masculinos de 18 y 20 a\u00f1os de edad, quienes llevaban en su poder sustancia marihuana \u00ednfimo pesaje.&nbsp;<\/p>\n\n\n\n<p>Se cumplieron recaudos legales e inicio de causa judicial con intervenci\u00f3n de la justicia local.<\/p>\n","protected":false},"excerpt":{"rendered":"<p>En calle Manuel Iglesias al 1200 se hace presente un m\u00f3vil policial aprehenden a dos masculinos de 18 y 20 a\u00f1os de edad, quienes llevaban en su poder sustancia marihuana \u00ednfimo pesaje.&nbsp; Se cumplieron recaudos legales e inicio de causa judicial con intervenci\u00f3n de la justicia local.<\/p>\n","protected":false},"author":4,"featured_media":69223,"comment_status":"open","ping_status":"closed","sticky":false,"template":"","format":"standard","meta":{"om_disable_all_campaigns":false,"_jetpack_memberships_contains_paid_content":false,"footnotes":""},"categories":[2,103],"tags":[],"class_list":["post-89386","post","type-post","status-publish","format-standard","has-post-thumbnail","hentry","category-locales","category-policiales-locales"],"aioseo_notices":[],"gutentor_comment":0,"jetpack_featured_media_url":"https:\/\/eldiariodesanpedro.com.ar\/sitio\/wp-content\/uploads\/2020\/02\/detenido.jpg","jetpack_shortlink":"https:\/\/wp.me\/p6RhLt-nfI","jetpack_sharing_enabled":true,"_links":{"self":[{"href":"https:\/\/eldiariodesanpedro.com.ar\/sitio\/wp-json\/wp\/v2\/posts\/89386","targetHints":{"allow":["GET"]}}],"collection":[{"href":"https:\/\/eldiariodesanpedro.com.ar\/sitio\/wp-json\/wp\/v2\/posts"}],"about":[{"href":"https:\/\/eldiariodesanpedro.com.ar\/sitio\/wp-json\/wp\/v2\/types\/post"}],"author":[{"embeddable":true,"href":"https:\/\/eldiariodesanpedro.com.ar\/sitio\/wp-json\/wp\/v2\/users\/4"}],"replies":[{"embeddable":true,"href":"https:\/\/eldiariodesanpedro.com.ar\/sitio\/wp-json\/wp\/v2\/comments?post=89386"}],"version-history":[{"count":1,"href":"https:\/\/eldiariodesanpedro.com.ar\/sitio\/wp-json\/wp\/v2\/posts\/89386\/revisions"}],"predecessor-version":[{"id":89387,"href":"https:\/\/eldiariodesanpedro.com.ar\/sitio\/wp-json\/wp\/v2\/posts\/89386\/revisions\/89387"}],"wp:featuredmedia":[{"embeddable":true,"href":"https:\/\/eldiariodesanpedro.com.ar\/sitio\/wp-json\/wp\/v2\/media\/69223"}],"wp:attachment":[{"href":"https:\/\/eldiariodesanpedro.com.ar\/sitio\/wp-json\/wp\/v2\/media?parent=89386"}],"wp:term":[{"taxonomy":"category","embeddable":true,"href":"https:\/\/eldiariodesanpedro.com.ar\/sitio\/wp-json\/wp\/v2\/categories?post=89386"},{"taxonomy":"post_tag","embeddable":true,"href":"https:\/\/eldiariodesanpedro.com.ar\/sitio\/wp-json\/wp\/v2\/tags?post=89386"}],"curies":[{"name":"wp","href":"https:\/\/api.w.org\/{rel}","templated":true}]}}