{"id":8938,"date":"2016-10-18T18:43:46","date_gmt":"2016-10-18T21:43:46","guid":{"rendered":"https:\/\/eldiariodesanpedro.com.ar\/sitio\/?p=8938"},"modified":"2016-10-18T18:43:46","modified_gmt":"2016-10-18T21:43:46","slug":"paro-de-ate-cta-y-ajb-paran-24-horas-cicop-para-48-horas","status":"publish","type":"post","link":"https:\/\/eldiariodesanpedro.com.ar\/sitio\/paro-de-ate-cta-y-ajb-paran-24-horas-cicop-para-48-horas\/","title":{"rendered":"Paro de ATE, CTA y AJB paran 24 horas, CICOP para 48 horas"},"content":{"rendered":"<p><!-- VideographyWP Plugin Message: Automatic video embedding prevented by plugin options. --><br \/>\nEn una conferencia de prensa realizada durante las primeras horas de la ma\u00f1ana de ayer, representantes de ATE, CICOP y AJB, anunciaron las medidas de acci\u00f3n programadas para esta semana, confluyendo el d\u00eda jueves 20 en un paro de actividades conjunto.<\/p>\n<p>Asimismo, el mi\u00e9rcoles 19 de octubre, los gremios estatales de la CTA Aut\u00f3noma de la provincia de Buenos Aires, van a participar de la convocatoria al paro nacional de mujeres que se realizar\u00e1 a lo largo y ancho del pa\u00eds, contra los femicidios y la violencia machista, para que se establezca la Emergencia en Violencia de G\u00e9nero y para que se inyecten los recursos necesarios en los presupuestos para poder terminar con este flagelo.<\/p>\n<p>Como continuidad del plan de acci\u00f3n, el secretario general de ATE y la CTA Aut\u00f3noma de la provincia de Buenos Aires, Oscar de Isasi, inform\u00f3 que: \u201cel d\u00eda 20 de octubre  vamos a realizar un paro de 24 hs., donde vamos a reclamar, por un lado, en las paritarias que est\u00e1n abiertas, como es el caso de los profesionales de la salud, que haya una oferta salarial que contemple la recuperaci\u00f3n del poder adquisitivo. Y en segundo lugar, en aquellas paritarias que est\u00e1n cerradas, como es el caso de los trabajadores de la Ley 10.430 y sus derivados, los judiciales y los docentes, que se reabra de forma inmediata con ofertas que ameriten ser atendidas\u201d.<\/p>\n<p>Enumerando los motivos de la medida, de Isasi resalt\u00f3 que: \u201cOtro reclamo, es la exigencia de continuidad laboral de m\u00e1s de 15 mil trabajadores\/as del Estado provincial, que el 31 de diciembre estar\u00edan terminando sus contratos, sus becas o alguna de las distintas formas de contrataci\u00f3n que tiene la provincia\u201d.<\/p>\n<p>En el marco del debate por el presupuesto, de Isasi sostuvo que: \u201cplanteamos que el mismo sea redistributivo, que no sea de ajuste, que priorice la inversi\u00f3n en pol\u00edticas sociales y en este contexto que instale el salario social garantizado para los trabajadores informales y su derecho a la negociaci\u00f3n colectiva. Que se dignifique y jerarquice la tarea de los trabajadores del Estado, por ejemplo generando los cargos para terminar con la precarizaci\u00f3n dentro del Estado. Adem\u00e1s, que no consoliden el camino del endeudamiento sino que se plantee una reforma tributaria que permita sacar los recursos de la riqueza\u201d.<\/p>\n<p>Para finalizar, el secretario general de ATE y la CTA Aut\u00f3noma, dijo que: \u201cEl d\u00eda 20 estamos conversando con distintas organizaciones sindicales que no perteneciendo a la CTA Aut\u00f3noma, estar\u00edan dispuestas a realizar acciones comunes, esto es gremios docentes y otros estatales, que tienen disposici\u00f3n a caminar juntos por la defensa del salario, contra el ajuste y por un presupuesto redistributivo\u201d.<\/p>\n<p>Con respecto al paro nacional de mujeres convocado para el d\u00eda mi\u00e9rcoles 19 de octubre, Yanina Grismau, directora del Departamento de G\u00e9nero de ATE provincia de Buenos Aires, dijo que: \u201cEntendemos desde ATE que es imperiosa y necesaria la participaci\u00f3n en el paro con perspectiva de g\u00e9nero. Estamos convencidas de la convocatoria al paro de una hora con actividades en cada uno de los lugares de trabajo, con sensibilizaci\u00f3n en los lugares de trabajo, cortes de calle, radios abiertas, panfleteadas o lo que se disponga, invitando a participar a toda la sociedad\u201d.<br \/>\n                                                                                                                                                                                                                                                                                                                                                             Por su parte, el titular de la CICOP, Fernando Corsiglia, anunci\u00f3 que la CICOP va a parar por 48 horas, el mi\u00e9rcoles 19 y el jueves 20, formando parte el mi\u00e9rcoles del paro nacional de mujeres  y el jueves de las actividades de la CTA Aut\u00f3noma.<br \/>\n\u201cNuestros reclamos tienen tres patas: la salarial, la que tiene que ver con nuestros derechos previsionales y la que tiene que ver con el funcionamiento del sistema de salud. En este \u00faltimo caso, poniendo el ojo en los centenares de becarios y en la pol\u00edtica de precarizaci\u00f3n en la que se est\u00e1 avanzando en el sistema de salud\u201d.<\/p>\n<p>Pablo Abramovich, secretario general de AJB, anunci\u00f3 un paro del 24 hs. para el jueves 20 de octubre, por la: \u201creapertura de paritarias, ya que no se cumplieron los acuerdos con el gobierno. Defensa de nuestro sistema previsional, en el marco del establecimiento de la Ley 27.260 a nivel nacional que tiene como objetivo pol\u00edtico la armonizaci\u00f3n de las cajas previsionales provinciales, entre ellas nuestro IPS, que es una caja modelo en Latinoam\u00e9rica, que garantiza jubilaciones m\u00f3viles de calidad y adem\u00e1s es superavitaria en t\u00e9rminos financieros\u201d<\/p>\n","protected":false},"excerpt":{"rendered":"<p>En una conferencia de prensa realizada durante las primeras horas de la ma\u00f1ana de ayer, representantes de ATE, CICOP y AJB, anunciaron las medidas de acci\u00f3n programadas para esta semana, confluyendo el d\u00eda jueves 20 en un paro de actividades conjunto. Asimismo, el mi\u00e9rcoles 19 de octubre, los gremios estatales de la CTA Aut\u00f3noma de [&hellip;]<\/p>\n","protected":false},"author":4,"featured_media":8939,"comment_status":"open","ping_status":"closed","sticky":false,"template":"","format":"standard","meta":{"om_disable_all_campaigns":false,"_jetpack_memberships_contains_paid_content":false,"footnotes":""},"categories":[101,2],"tags":[],"class_list":["post-8938","post","type-post","status-publish","format-standard","has-post-thumbnail","hentry","category-interes-general-locales","category-locales"],"aioseo_notices":[],"gutentor_comment":0,"jetpack_featured_media_url":"https:\/\/eldiariodesanpedro.com.ar\/sitio\/wp-content\/uploads\/2016\/10\/unnamed-1.jpg","jetpack_shortlink":"https:\/\/wp.me\/p6RhLt-2ka","jetpack_sharing_enabled":true,"_links":{"self":[{"href":"https:\/\/eldiariodesanpedro.com.ar\/sitio\/wp-json\/wp\/v2\/posts\/8938","targetHints":{"allow":["GET"]}}],"collection":[{"href":"https:\/\/eldiariodesanpedro.com.ar\/sitio\/wp-json\/wp\/v2\/posts"}],"about":[{"href":"https:\/\/eldiariodesanpedro.com.ar\/sitio\/wp-json\/wp\/v2\/types\/post"}],"author":[{"embeddable":true,"href":"https:\/\/eldiariodesanpedro.com.ar\/sitio\/wp-json\/wp\/v2\/users\/4"}],"replies":[{"embeddable":true,"href":"https:\/\/eldiariodesanpedro.com.ar\/sitio\/wp-json\/wp\/v2\/comments?post=8938"}],"version-history":[{"count":1,"href":"https:\/\/eldiariodesanpedro.com.ar\/sitio\/wp-json\/wp\/v2\/posts\/8938\/revisions"}],"predecessor-version":[{"id":8940,"href":"https:\/\/eldiariodesanpedro.com.ar\/sitio\/wp-json\/wp\/v2\/posts\/8938\/revisions\/8940"}],"wp:featuredmedia":[{"embeddable":true,"href":"https:\/\/eldiariodesanpedro.com.ar\/sitio\/wp-json\/wp\/v2\/media\/8939"}],"wp:attachment":[{"href":"https:\/\/eldiariodesanpedro.com.ar\/sitio\/wp-json\/wp\/v2\/media?parent=8938"}],"wp:term":[{"taxonomy":"category","embeddable":true,"href":"https:\/\/eldiariodesanpedro.com.ar\/sitio\/wp-json\/wp\/v2\/categories?post=8938"},{"taxonomy":"post_tag","embeddable":true,"href":"https:\/\/eldiariodesanpedro.com.ar\/sitio\/wp-json\/wp\/v2\/tags?post=8938"}],"curies":[{"name":"wp","href":"https:\/\/api.w.org\/{rel}","templated":true}]}}