{"id":89376,"date":"2021-03-18T10:16:38","date_gmt":"2021-03-18T13:16:38","guid":{"rendered":"https:\/\/eldiariodesanpedro.com.ar\/sitio\/?p=89376"},"modified":"2021-03-18T10:16:44","modified_gmt":"2021-03-18T13:16:44","slug":"aprehenden-a-un-empleado-penitenciario-armado-con-una-9-mm-que-violo-perimetral","status":"publish","type":"post","link":"https:\/\/eldiariodesanpedro.com.ar\/sitio\/aprehenden-a-un-empleado-penitenciario-armado-con-una-9-mm-que-violo-perimetral\/","title":{"rendered":"Aprehenden a un empleado penitenciario armado con una 9 mm que violo perimetral"},"content":{"rendered":"<!-- VideographyWP Plugin Message: Automatic video embedding prevented by plugin options. -->\n\n<p>En la noche de ayer personal policial alertado acude Ansaloni y Ruffa, donde aprehende a masculino de 39 a\u00f1os de edad,&nbsp; incumplia&nbsp; restricci\u00f3n perimetral judicial sobre ex pareja una mujer de 39 a\u00f1os de edad, en el marco de causa judicial por violencia familiar que expidi\u00f3 el Juzgado de Paz Local.&nbsp; Secuestrando una&nbsp; pistola 9 mm.&nbsp;<\/p>\n\n\n\n<p>El aprehendido resulta ser trabajador del servicio penitenciario bonaerense, por lo que permanece alojado en sede policial a disposici\u00f3n judicial.<\/p>\n\n\n\n<figure class=\"wp-block-image size-large\"><img decoding=\"async\" width=\"1024\" height=\"768\" data-attachment-id=\"89378\" data-permalink=\"https:\/\/eldiariodesanpedro.com.ar\/sitio\/aprehenden-a-un-empleado-penitenciario-armado-con-una-9-mm-que-violo-perimetral\/whatsapp-image-2021-03-18-at-10-01-53\/\" data-orig-file=\"https:\/\/eldiariodesanpedro.com.ar\/sitio\/wp-content\/uploads\/2021\/03\/WhatsApp-Image-2021-03-18-at-10.01.53.jpeg\" data-orig-size=\"1280,960\" data-comments-opened=\"1\" data-image-meta=\"{&quot;aperture&quot;:&quot;0&quot;,&quot;credit&quot;:&quot;&quot;,&quot;camera&quot;:&quot;&quot;,&quot;caption&quot;:&quot;&quot;,&quot;created_timestamp&quot;:&quot;0&quot;,&quot;copyright&quot;:&quot;&quot;,&quot;focal_length&quot;:&quot;0&quot;,&quot;iso&quot;:&quot;0&quot;,&quot;shutter_speed&quot;:&quot;0&quot;,&quot;title&quot;:&quot;&quot;,&quot;orientation&quot;:&quot;0&quot;}\" data-image-title=\"WhatsApp Image 2021-03-18 at 10.01.53\" data-image-description=\"\" data-image-caption=\"\" data-large-file=\"https:\/\/eldiariodesanpedro.com.ar\/sitio\/wp-content\/uploads\/2021\/03\/WhatsApp-Image-2021-03-18-at-10.01.53-1024x768.jpeg\" data-src=\"https:\/\/eldiariodesanpedro.com.ar\/sitio\/wp-content\/uploads\/2021\/03\/WhatsApp-Image-2021-03-18-at-10.01.53-1024x768.jpeg\" alt=\"\" class=\"wp-image-89378 lazyload\" data-srcset=\"https:\/\/eldiariodesanpedro.com.ar\/sitio\/wp-content\/uploads\/2021\/03\/WhatsApp-Image-2021-03-18-at-10.01.53-1024x768.jpeg 1024w, https:\/\/eldiariodesanpedro.com.ar\/sitio\/wp-content\/uploads\/2021\/03\/WhatsApp-Image-2021-03-18-at-10.01.53-300x225.jpeg 300w, https:\/\/eldiariodesanpedro.com.ar\/sitio\/wp-content\/uploads\/2021\/03\/WhatsApp-Image-2021-03-18-at-10.01.53-768x576.jpeg 768w, https:\/\/eldiariodesanpedro.com.ar\/sitio\/wp-content\/uploads\/2021\/03\/WhatsApp-Image-2021-03-18-at-10.01.53-500x375.jpeg 500w, https:\/\/eldiariodesanpedro.com.ar\/sitio\/wp-content\/uploads\/2021\/03\/WhatsApp-Image-2021-03-18-at-10.01.53.jpeg 1280w\" data-sizes=\"(max-width: 1024px) 100vw, 1024px\" src=\"data:image\/svg+xml;base64,PHN2ZyB3aWR0aD0iMSIgaGVpZ2h0PSIxIiB4bWxucz0iaHR0cDovL3d3dy53My5vcmcvMjAwMC9zdmciPjwvc3ZnPg==\" style=\"--smush-placeholder-width: 1024px; --smush-placeholder-aspect-ratio: 1024\/768;\" \/><\/figure>\n","protected":false},"excerpt":{"rendered":"<p>En la noche de ayer personal policial alertado acude Ansaloni y Ruffa, donde aprehende a masculino de 39 a\u00f1os de edad,&nbsp; incumplia&nbsp; restricci\u00f3n perimetral judicial sobre ex pareja una mujer de 39 a\u00f1os de edad, en el marco de causa judicial por violencia familiar que expidi\u00f3 el Juzgado de Paz Local.&nbsp; Secuestrando una&nbsp; pistola 9 [&hellip;]<\/p>\n","protected":false},"author":4,"featured_media":89377,"comment_status":"open","ping_status":"closed","sticky":false,"template":"","format":"standard","meta":{"om_disable_all_campaigns":false,"_jetpack_memberships_contains_paid_content":false,"footnotes":""},"categories":[50,101,2],"tags":[],"class_list":["post-89376","post","type-post","status-publish","format-standard","has-post-thumbnail","hentry","category-destacadas","category-interes-general-locales","category-locales"],"aioseo_notices":[],"gutentor_comment":0,"jetpack_featured_media_url":"https:\/\/eldiariodesanpedro.com.ar\/sitio\/wp-content\/uploads\/2021\/03\/WhatsApp-Image-2021-03-18-at-10.01.53-3.jpeg","jetpack_shortlink":"https:\/\/wp.me\/p6RhLt-nfy","jetpack_sharing_enabled":true,"_links":{"self":[{"href":"https:\/\/eldiariodesanpedro.com.ar\/sitio\/wp-json\/wp\/v2\/posts\/89376","targetHints":{"allow":["GET"]}}],"collection":[{"href":"https:\/\/eldiariodesanpedro.com.ar\/sitio\/wp-json\/wp\/v2\/posts"}],"about":[{"href":"https:\/\/eldiariodesanpedro.com.ar\/sitio\/wp-json\/wp\/v2\/types\/post"}],"author":[{"embeddable":true,"href":"https:\/\/eldiariodesanpedro.com.ar\/sitio\/wp-json\/wp\/v2\/users\/4"}],"replies":[{"embeddable":true,"href":"https:\/\/eldiariodesanpedro.com.ar\/sitio\/wp-json\/wp\/v2\/comments?post=89376"}],"version-history":[{"count":1,"href":"https:\/\/eldiariodesanpedro.com.ar\/sitio\/wp-json\/wp\/v2\/posts\/89376\/revisions"}],"predecessor-version":[{"id":89379,"href":"https:\/\/eldiariodesanpedro.com.ar\/sitio\/wp-json\/wp\/v2\/posts\/89376\/revisions\/89379"}],"wp:featuredmedia":[{"embeddable":true,"href":"https:\/\/eldiariodesanpedro.com.ar\/sitio\/wp-json\/wp\/v2\/media\/89377"}],"wp:attachment":[{"href":"https:\/\/eldiariodesanpedro.com.ar\/sitio\/wp-json\/wp\/v2\/media?parent=89376"}],"wp:term":[{"taxonomy":"category","embeddable":true,"href":"https:\/\/eldiariodesanpedro.com.ar\/sitio\/wp-json\/wp\/v2\/categories?post=89376"},{"taxonomy":"post_tag","embeddable":true,"href":"https:\/\/eldiariodesanpedro.com.ar\/sitio\/wp-json\/wp\/v2\/tags?post=89376"}],"curies":[{"name":"wp","href":"https:\/\/api.w.org\/{rel}","templated":true}]}}